{"id":9840,"date":"2017-06-26T07:52:56","date_gmt":"2017-06-26T05:52:56","guid":{"rendered":"http:\/\/udo.springfeld.eu\/blog\/?p=9840"},"modified":"2019-06-26T20:18:07","modified_gmt":"2019-06-26T18:18:07","slug":"the-day-after-ein-tag-im-arsch","status":"publish","type":"post","link":"https:\/\/udo.springfeld.eu\/blog\/2017\/06\/26\/the-day-after-ein-tag-im-arsch\/","title":{"rendered":"The Day After, Ein Tag im Arsch"},"content":{"rendered":"<p>Ich wollte anders als einer der Helden meiner Kindheit nie Feuerwehrmann werden, sondern Lokf\u00fchrer. Heute frage ich mich: H\u00e4tte ich damals gelebt, w\u00e4re ich einer der Reichsbahn geworden? Deutsche lieben Monologe, dann m\u00fcssen sie selbst nichts und k\u00f6nnen also auch nichts Falsches sagen; aber es hat auch einen anderen praktischen Nutzen, etwa wenn sie jemandes Meinung annehmen k\u00f6nnen Deutsche lieben diese Meinungsmacher, weil sie ihnen abnehmen, sich m\u00fchsam eine eigene zu machen. Eingebildet ist sie das dann sogar, wenn Mm.   es geschickt anstellen. Deutschland k\u00f6nnte damit leben, wenn das alles bliebe. Aber der Mechanisms wird ja nunmal nicht nur zum Zweck der Meinungsbildung Dritter, sondern langfristig zur Macht \u00fcber andere Dritte zweckentfremdet. Das TV-Duell hat es vorgemacht: Merkel und Schulz debattierten \u00fcber die H\u00e4lfte der Sendezeit \u00fcber ein Thema, das die so genannte Alternative f\u00fcr Deutschland eindeutig besetzt.  Und obwohl Frauke Petry nicht pers\u00f6nlich beim ersten Duell zugegen war: Ideologisch war sie es. Fl\u00fcchtlinge seien ein Problem, Mauern &#8211; graduell unterschiedlich mal mit und ohne Todessch\u00fctzen die L\u00f6sung.  Das war was zur Wahl stand, wohingegen den&nbsp; Duelanten auch von wohlmeinenden Kommentatoren ein Duett attestiert wurde. Die unsichtbare Dritte konnte das Duell also f\u00fcr sich verbuchen, weil die beiden Koalition\u00e4re auch auf den letzten Metern beim Wahlkampfendspurt Konsenz und Kompromisse der letzte Legislatur vorlebten statt Differenzen zu benennen und Demarkationslinien zu ziehen. Wenn dann 13% sagen, denjenigen die das Mittelmeer unter Lebensgefahr&nbsp; \u00fcberwunden haben sei an den befestigten Europ\u00e4ischen Au\u00dfengrenzen mit Waffengewalt zu begegnen, dann macht es das nicht besser, aber prompt finde ich die trotzige Antithese, um Sachsen eine Mauer zu bauen pl\u00f6tzlich weniger trotzig. Man hat die Rechten nicht ausgrenzen wollen, obwohl sie ausgrenzen wollen.  Man wollte sie ernst nehmen und zu Wort kommen lassen. Und das wurden sie sattsam, auf besten Sendepl\u00e4tzen und above fold in Millionenauflage.&nbsp; Umarmen und Umgarnen hat nichts gebracht.   Im Gegenteil: Je mehr man sie gew\u00e4hren lie\u00df, desto kruder wurden die Thesen und umso radikaler das Personal. Und in diesem Jahr erhob die Partei die Kontroverse mittels Skandalen zum Wahlkampfmittel, w\u00e4hrend die Gro\u00dfe Koalition sich des Konsenz als Mittel zum Selbstzweck bediente. <\/p>\n","protected":false},"excerpt":{"rendered":"<p>The Day After, oder: Ein Tag im Arsch. Am Tag nach meinem ersten Wahlsonntag als Wahlhelfer ging es mir wie vielen: Man h\u00e4tte nicht so viel essen k\u00f6nnen wie man kotzen wollte.<\/p>\n","protected":false},"author":1,"featured_media":8151,"comment_status":"open","ping_status":"open","sticky":false,"template":"","format":"standard","meta":{"footnotes":""},"categories":[95],"tags":[2469],"class_list":["post-9840","post","type-post","status-publish","format-standard","has-post-thumbnail","hentry","category-analysen","tag-bundestagswahl-2017"],"_links":{"self":[{"href":"https:\/\/udo.springfeld.eu\/blog\/wp-json\/wp\/v2\/posts\/9840","targetHints":{"allow":["GET"]}}],"collection":[{"href":"https:\/\/udo.springfeld.eu\/blog\/wp-json\/wp\/v2\/posts"}],"about":[{"href":"https:\/\/udo.springfeld.eu\/blog\/wp-json\/wp\/v2\/types\/post"}],"author":[{"embeddable":true,"href":"https:\/\/udo.springfeld.eu\/blog\/wp-json\/wp\/v2\/users\/1"}],"replies":[{"embeddable":true,"href":"https:\/\/udo.springfeld.eu\/blog\/wp-json\/wp\/v2\/comments?post=9840"}],"version-history":[{"count":7,"href":"https:\/\/udo.springfeld.eu\/blog\/wp-json\/wp\/v2\/posts\/9840\/revisions"}],"predecessor-version":[{"id":10302,"href":"https:\/\/udo.springfeld.eu\/blog\/wp-json\/wp\/v2\/posts\/9840\/revisions\/10302"}],"wp:featuredmedia":[{"embeddable":true,"href":"https:\/\/udo.springfeld.eu\/blog\/wp-json\/wp\/v2\/media\/8151"}],"wp:attachment":[{"href":"https:\/\/udo.springfeld.eu\/blog\/wp-json\/wp\/v2\/media?parent=9840"}],"wp:term":[{"taxonomy":"category","embeddable":true,"href":"https:\/\/udo.springfeld.eu\/blog\/wp-json\/wp\/v2\/categories?post=9840"},{"taxonomy":"post_tag","embeddable":true,"href":"https:\/\/udo.springfeld.eu\/blog\/wp-json\/wp\/v2\/tags?post=9840"}],"curies":[{"name":"wp","href":"https:\/\/api.w.org\/{rel}","templated":true}]}}