{"id":978,"date":"2009-03-04T00:57:25","date_gmt":"2009-03-03T23:57:25","guid":{"rendered":"http:\/\/udo.springfeld.eu\/blog\/?p=978"},"modified":"2015-12-01T18:12:15","modified_gmt":"2015-12-01T17:12:15","slug":"superumfragejahr-2009-1","status":"publish","type":"post","link":"https:\/\/udo.springfeld.eu\/blog\/2009\/03\/04\/superumfragejahr-2009-1\/","title":{"rendered":"Superumfragejahr 2009 (1)"},"content":{"rendered":"<p><a href=\"http:\/\/www.wahlrecht.de\/umfragen\/emnid.htm\">Aufschlag Emnid<\/a>: SPD +2%punkte, FDP -2%punkte, CDU\/CSU -1%punkt, <strong>Sonstige nach der Ansage der Freien W\u00e4hler +1%punkt: Bekommt die CDU &#8222;ihre&#8220; Linkspartei?<\/strong><\/p>\n<p><a href=\"http:\/\/www.wahlrecht.de\/umfragen\/forsa.htm\">R\u00fcckhand Forsa<\/a>: SPD und Gr\u00fcne jeweils +1%punkt, CDU\/CSU und FDP jeweils -1%punkt<\/p>\n<p>Update: <strong><u>noch<\/u> nicht wieder <a href=\"http:\/\/www.facebook.com\/photo_search.php?oid=81073125485&#038;view=all#\/photo.php?pid=588419&#038;id=662134728&#038;ref=nf\">Dr.<\/a><\/strong> Frank <strong>nunmehr doch -Walter<\/strong> Steinmeier hat sein Profil auf Facebook aktualisiert. &raquo;Er hat folgendes ge\u00e4ndert: Heimatort, Religi\u00f6se Ansichten, Aktivit\u00e4ten, Interessen, Lieblingsmusik, Lieblingsfilme, Lieblingsb\u00fccher, Lieblingsserien, Lieblingszitate und \u00dcber mich. Gestern um 09:23&laquo; <strong>Das neue Motto lautet: Ich kann nicht nichts tun. Angela kann!<\/strong><\/p>\n","protected":false},"excerpt":{"rendered":"<p>Aufschlag Emnid: SPD +2%punkte, FDP -2%punkte, CDU\/CSU -1%punkt, Sonstige nach der Ansage der Freien W\u00e4hler +1%punkt: Bekommt die CDU &#8222;ihre&#8220; Linkspartei? R\u00fcckhand Forsa: SPD und Gr\u00fcne jeweils +1%punkt, CDU\/CSU und FDP jeweils -1%punkt Update: noch nicht wieder Dr. Frank nunmehr doch -Walter Steinmeier hat sein Profil auf Facebook aktualisiert. &raquo;Er hat folgendes ge\u00e4ndert: Heimatort, Religi\u00f6se [&hellip;]<\/p>\n","protected":false},"author":1,"featured_media":0,"comment_status":"open","ping_status":"open","sticky":false,"template":"","format":"standard","meta":{"footnotes":""},"categories":[13],"tags":[232,233,9,165],"class_list":["post-978","post","type-post","status-publish","format-standard","hentry","category-beobachtungen","tag-frank-walter-steinmeier","tag-freie-wahler-gemeinschaft","tag-politik","tag-umfragen"],"_links":{"self":[{"href":"https:\/\/udo.springfeld.eu\/blog\/wp-json\/wp\/v2\/posts\/978","targetHints":{"allow":["GET"]}}],"collection":[{"href":"https:\/\/udo.springfeld.eu\/blog\/wp-json\/wp\/v2\/posts"}],"about":[{"href":"https:\/\/udo.springfeld.eu\/blog\/wp-json\/wp\/v2\/types\/post"}],"author":[{"embeddable":true,"href":"https:\/\/udo.springfeld.eu\/blog\/wp-json\/wp\/v2\/users\/1"}],"replies":[{"embeddable":true,"href":"https:\/\/udo.springfeld.eu\/blog\/wp-json\/wp\/v2\/comments?post=978"}],"version-history":[{"count":1,"href":"https:\/\/udo.springfeld.eu\/blog\/wp-json\/wp\/v2\/posts\/978\/revisions"}],"predecessor-version":[{"id":8796,"href":"https:\/\/udo.springfeld.eu\/blog\/wp-json\/wp\/v2\/posts\/978\/revisions\/8796"}],"wp:attachment":[{"href":"https:\/\/udo.springfeld.eu\/blog\/wp-json\/wp\/v2\/media?parent=978"}],"wp:term":[{"taxonomy":"category","embeddable":true,"href":"https:\/\/udo.springfeld.eu\/blog\/wp-json\/wp\/v2\/categories?post=978"},{"taxonomy":"post_tag","embeddable":true,"href":"https:\/\/udo.springfeld.eu\/blog\/wp-json\/wp\/v2\/tags?post=978"}],"curies":[{"name":"wp","href":"https:\/\/api.w.org\/{rel}","templated":true}]}}