{"id":9034,"date":"2016-11-11T22:34:22","date_gmt":"2016-11-11T21:34:22","guid":{"rendered":"http:\/\/udo.springfeld.eu\/blog\/?p=9034"},"modified":"2016-11-11T22:34:22","modified_gmt":"2016-11-11T21:34:22","slug":"ziege-zaehmt-zensur","status":"publish","type":"post","link":"https:\/\/udo.springfeld.eu\/blog\/2016\/11\/11\/ziege-zaehmt-zensur\/","title":{"rendered":"Ziege z\u00e4hmt Zensur"},"content":{"rendered":"<p>Doris Akrap von der taz macht in ihrem <a href=\"http:\/\/www.taz.de\/!5290327\/\">B\u00f6hmermann Debatten-ABC<\/a> unter Z wie Ziegenficker auf einen wesentlich Aspekt aufmerksam, der bisher noch gar nicht diskutiert wurde, n\u00e4mlich unter:  &raquo;Z wie Ziegenficker: werden in der T\u00fcrkei strafrechtlich verfolgt. In Deutschland nicht.&laquo; Und in der Tat: Wenn die strafrechtliche Verfolgung von B\u00f6hmermann wegen der Beleidigung fremder Staatsoberh\u00e4upter und deren Vertreter nicht vollzogen wird, wenn also der &#8222;Ziegenficker&#8220; nicht geahndet wird, dann h\u00e4tte eine Ziege die Zensur im ZDF gez\u00e4hmt, denn fortan w\u00fcrden mal lieber F\u00fcnfe grad gelassen bevor sich die Kanzlerin zu Medienkritik herabl\u00e4sst und fremde Verfassungsauffassungen zu unserer erkl\u00e4rt. Andernfalls kommt Recip Erdogan morgen mit dem Wunsch an, doch bitte den n\u00e4chsten Kritiker aburteilen zu lassen. Und sp\u00e4testens dann m\u00fcsste sich die Bundesregierung fragen lassen, ob die Debatte bei einem solchen Ansinnen etwa seitens Putin nicht viel schneller beendet w\u00e4re und sie in dem Fall nur der Fl\u00fcchtlinge wegen so vasal und devot bedient wird.<\/p>\n","protected":false},"excerpt":{"rendered":"<p>Doris Akrap von der taz macht in ihrem B\u00f6hmermann Debatten-ABC unter Z wie Ziegenficker auf einen wesentlich Aspekt aufmerksam, der bisher noch gar nicht diskutiert wurde, n\u00e4mlich unter: &raquo;Z wie Ziegenficker: werden in der T\u00fcrkei strafrechtlich verfolgt. In Deutschland nicht.&laquo; Und in der Tat: Wenn die strafrechtliche Verfolgung von B\u00f6hmermann wegen der Beleidigung fremder Staatsoberh\u00e4upter [&hellip;]<\/p>\n","protected":false},"author":1,"featured_media":0,"comment_status":"open","ping_status":"open","sticky":false,"template":"","format":"standard","meta":{"footnotes":""},"categories":[205],"tags":[2533,2285,2535,2534,348],"class_list":["post-9034","post","type-post","status-publish","format-standard","hentry","category-kommentare","tag-erdogan-gedicht","tag-jan-boehmermann","tag-recip-erdogan","tag-sodomie","tag-zensur"],"_links":{"self":[{"href":"https:\/\/udo.springfeld.eu\/blog\/wp-json\/wp\/v2\/posts\/9034","targetHints":{"allow":["GET"]}}],"collection":[{"href":"https:\/\/udo.springfeld.eu\/blog\/wp-json\/wp\/v2\/posts"}],"about":[{"href":"https:\/\/udo.springfeld.eu\/blog\/wp-json\/wp\/v2\/types\/post"}],"author":[{"embeddable":true,"href":"https:\/\/udo.springfeld.eu\/blog\/wp-json\/wp\/v2\/users\/1"}],"replies":[{"embeddable":true,"href":"https:\/\/udo.springfeld.eu\/blog\/wp-json\/wp\/v2\/comments?post=9034"}],"version-history":[{"count":1,"href":"https:\/\/udo.springfeld.eu\/blog\/wp-json\/wp\/v2\/posts\/9034\/revisions"}],"predecessor-version":[{"id":9039,"href":"https:\/\/udo.springfeld.eu\/blog\/wp-json\/wp\/v2\/posts\/9034\/revisions\/9039"}],"wp:attachment":[{"href":"https:\/\/udo.springfeld.eu\/blog\/wp-json\/wp\/v2\/media?parent=9034"}],"wp:term":[{"taxonomy":"category","embeddable":true,"href":"https:\/\/udo.springfeld.eu\/blog\/wp-json\/wp\/v2\/categories?post=9034"},{"taxonomy":"post_tag","embeddable":true,"href":"https:\/\/udo.springfeld.eu\/blog\/wp-json\/wp\/v2\/tags?post=9034"}],"curies":[{"name":"wp","href":"https:\/\/api.w.org\/{rel}","templated":true}]}}