{"id":884,"date":"2009-03-03T22:46:59","date_gmt":"2009-03-03T21:46:59","guid":{"rendered":"http:\/\/udo.springfeld.eu\/blog\/?p=884"},"modified":"2015-12-01T16:50:53","modified_gmt":"2015-12-01T15:50:53","slug":"retrospektive-2-jahrgang-1","status":"publish","type":"post","link":"https:\/\/udo.springfeld.eu\/blog\/2009\/03\/03\/retrospektive-2-jahrgang-1\/","title":{"rendered":"Retrospektive #2 Jahrgang 1"},"content":{"rendered":"<p><a href=\"http:\/\/www.next-conference.com\/next09\/2009\/02\/stop-the-presses-tomorrow.html\">&raquo;More than 82 million people in the US created content online during 2008, (&#8230;)&laquo;<\/a> &#8211; so viele Menschen wie unser Land Einwohner z\u00e4hlt. Wenn ich mich nicht t\u00e4usche, leben in den USA um den Faktor 3 mehr Menschen, in Deutschland entspr\u00e4che das einem Anteil von 27 Millionen Menschen an der Bev\u00f6lkerung. <strong>Wie viel man mit 27 Millionen Publizisten und Produzenten zu Wege bringen k\u00f6nnte!<\/strong><\/p>\n<p><strong>Unter Europ\u00e4ern ist der Isl\u00e4nder der Gl\u00fccklichste<\/strong>, sagt zumindest der HPI, der <a href=\"http:\/\/www.happyplanetindex.org\/european-map.htm\">&raquo;Happy Planet Index&laquo; f\u00fcr Europa<\/a>. Ganz vorn mit dabei ist Island auch im Vergleich aller Nationen unseres wundervollen Planeten, zumindest einer <a href=\"http:\/\/www.le.ac.uk\/users\/aw57\/world\/sample.html\">Studie der UNESCO<\/a> zurfolge. Kann demnach was dran sein, oder konnte, w\u00e4re da nicht die Finanzmarktkrise gewesen. Gerade Island wird eine ausgewachsene Wirtschaftskrise nicht zu f\u00fcrchten haben, wenn sie den Staatsbankrott umschiffen. Dann geht es wieder aufw\u00e4rts, und sp\u00e4testens dann ist Island wieder vorn mit dabei, beim Gl\u00fccklichsein.<\/p>\n<p>Hat mal wieder l\u00e4nger gedauert, bei der FAZ: <strong>&raquo;<a href=\"http:\/\/www.faz.net\/s\/Rub594835B672714A1DB1A121534F010EE1\/Doc~EB97C867D5F024E5BAC6968A21469FD33~ATpl~Ecommon~Scontent.html\">Wer die Augen schlie\u00dft, h\u00f6rt ein bisschen Schr\u00f6der<\/a>&laquo;<\/strong> meint der Journalist, dabei m\u00fcssen ihm Augen und Ohren aufgegangen sein. Frank<span style=\"text-decoration:line-through\">-Walter<\/span> Steinmeier h\u00f6rt sich wie Gerd an, habe ich vom ersten Satz an bemerkt. Vorteil oder Nachteil, dar\u00fcber werden sich die Boulevardbl\u00e4tter noch ihre K\u00f6pfe zerrei\u00dfen.<\/p>\n<p>Bild sieht <a href=\"http:\/\/www.bildblog.de\/6166\/unionsunion\/\">&#8222;b\u00fcrgerliche Lager&#8220; in Hamburg-Umfragen bei 70 Prozent<\/a> &#8211; und sie haben <a href=\"http:\/\/udo.springfeld.eu\/blog\/2009\/01\/19\/70-prozent-zustimmung\/\">nicht bei mir gespickt<\/a>. Bild hat schlicht Projekt 18 doppelt gez\u00e4hlt.<\/p>\n<p><span style=\"color:darkred;font-weight:bold\">Achtung: Satire! Wer keinen Humor hat, oder Satire selten versteht, jetzt wegdrehen!<\/span><br \/>\n<img decoding=\"async\" src=\"\/blog\/images\/banners\/2009-02-26-freiheit-oder-sicherheit-gegensaetze-in-deutschland.jpg\" \/><br \/>\nHat mal wieder l\u00e4nger gedauert, bei mir: <strong>&raquo;Freiheit und Sicherheit, Grunds\u00e4tze f\u00fcr Deutschland&laquo;<\/strong> betitelten die Christdemokraten vor \u00fcber einem Jahr ihr neues Grundsatzprogramm. Ausgerechnet. Bundesinnenminister Sch\u00e4uble war wohl nicht beteiligt, ansonsten hie\u00dfe das Programm wohl eher <strong>&raquo;Freiheit oder Sicherheit, Gegens\u00e4tze in Deutschland&laquo;<\/strong> (inhaltliche Diskussion <a href=\"http:\/\/www.nachdenkseiten.de\/?p=2456\">bspw. hier<\/a>)<\/p>\n<p>Angesichts des j\u00fcngsten St\u00f6rfalls im hessischen Atomkraftwerk Biblis sollte sich unsere Regierung einmal Gedanken \u00fcber eine <a href=\"http:\/\/fr-online.de\/top_news\/1683691_Wieder-Panne-in-Biblis-A.html\">Abwrackpr\u00e4mie f\u00fcr veraltete und\/oder unsichere Atomkraftwerke<\/a> machen. Glaubt man aktuellen Umfragen wird im September eine neuer schwarz-gelber atomarer Sommer anbrechen, wenn zeitgleich &#8222;Wartungsarbeiten&#8220; f\u00fcr das AKW Biblis enden und die Legislaturperiode des Bundestages endet. <\/p>\n<p>Von <a href=\"http:\/\/sadguysontradingfloors.tumblr.com\/\">sad guys on trading floors<\/a> kann ich seit unserer R\u00fcckkehr aus Kuba nicht genug bekommen, doch <a href=\"http:\/\/sadguysontradingfloors.tumblr.com\/post\/82844274\/this-is-the-same-face-i-make-when-i-look-at-my\">dieser Gesichtsausdruck<\/a> war mal wieder die Kr\u00f6nung.<\/p>\n<p><a href=\"http:\/\/www.spiegel.de\/politik\/ausland\/0,1518,610569,00.html\">Ch\u00e1vez schickt Milit\u00e4r auf Reisfelder<\/a> vs. <a href=\"http:\/\/www.neues-deutschland.de\/artikel\/144799.chavez-will-billigen-reis-fuer-alle.html\">Ch\u00e1vez will billigen Reis f\u00fcr alle<\/a><\/p>\n<p>Weltwirtschaftskrise visualisiert anhand <a href=\"http:\/\/www.businessinsider.com\/unsold-cars-around-the-world-2009-2\">abertausender Neuwagen<\/a>  via <a href=\"http:\/\/blog.fefe.de\/?ts=b7578da3\">Fefe&#8217;s Blog<\/a><\/p>\n<p>Flugreisen mit Ryanair werden demn\u00e4chst noch unterhaltsamer, da die Airline plant seine Toiletten mit M\u00fcnzschlitzen zu versehen und jeden Gang auf das Stille \u00d6rtchen mit <a href=\"http:\/\/www.google.com\/hostednews\/afp\/article\/ALeqM5gxOVT7lMC-w51q1ikhbFKnKjH98w\">1,21 Euro<\/a> zu berechnen. Wenn Hartmut Mehdorn das h\u00f6rt, sehe ich schwarz.<\/p>\n<p style=\"color:silver\"><a href=\"http:\/\/udo.springfeld.eu\/blog\/tag\/retrospektive\">Retrospektive<\/a> ist mein neues Format f\u00fcr all das, wof\u00fcr ich keine Zeit hatte, aber was unter gar keinen Umst\u00e4nden unkommentiert bleiben darf. <strong>Retrospektive<\/strong> erscheint in loser Folge, zu willk\u00fcrlichen Zeitpunkten, ein Anspruch auf eine Retrospektive entsteht dem Leser hierdurch nicht. \ud83d\ude09<\/p>\n","protected":false},"excerpt":{"rendered":"<p>&raquo;More than 82 million people in the US created content online during 2008, (&#8230;)&laquo; &#8211; so viele Menschen wie unser Land Einwohner z\u00e4hlt. Wenn ich mich nicht t\u00e4usche, leben in den USA um den Faktor 3 mehr Menschen, in Deutschland entspr\u00e4che das einem Anteil von 27 Millionen Menschen an der Bev\u00f6lkerung. Wie viel man mit [&hellip;]<\/p>\n","protected":false},"author":1,"featured_media":0,"comment_status":"open","ping_status":"open","sticky":false,"template":"","format":"standard","meta":{"footnotes":""},"categories":[52],"tags":[9,213,124,20],"class_list":["post-884","post","type-post","status-publish","format-standard","hentry","category-tellerrand","tag-politik","tag-retrospektive","tag-satire","tag-zeitgeschehen"],"_links":{"self":[{"href":"https:\/\/udo.springfeld.eu\/blog\/wp-json\/wp\/v2\/posts\/884","targetHints":{"allow":["GET"]}}],"collection":[{"href":"https:\/\/udo.springfeld.eu\/blog\/wp-json\/wp\/v2\/posts"}],"about":[{"href":"https:\/\/udo.springfeld.eu\/blog\/wp-json\/wp\/v2\/types\/post"}],"author":[{"embeddable":true,"href":"https:\/\/udo.springfeld.eu\/blog\/wp-json\/wp\/v2\/users\/1"}],"replies":[{"embeddable":true,"href":"https:\/\/udo.springfeld.eu\/blog\/wp-json\/wp\/v2\/comments?post=884"}],"version-history":[{"count":1,"href":"https:\/\/udo.springfeld.eu\/blog\/wp-json\/wp\/v2\/posts\/884\/revisions"}],"predecessor-version":[{"id":8714,"href":"https:\/\/udo.springfeld.eu\/blog\/wp-json\/wp\/v2\/posts\/884\/revisions\/8714"}],"wp:attachment":[{"href":"https:\/\/udo.springfeld.eu\/blog\/wp-json\/wp\/v2\/media?parent=884"}],"wp:term":[{"taxonomy":"category","embeddable":true,"href":"https:\/\/udo.springfeld.eu\/blog\/wp-json\/wp\/v2\/categories?post=884"},{"taxonomy":"post_tag","embeddable":true,"href":"https:\/\/udo.springfeld.eu\/blog\/wp-json\/wp\/v2\/tags?post=884"}],"curies":[{"name":"wp","href":"https:\/\/api.w.org\/{rel}","templated":true}]}}