{"id":7858,"date":"2014-12-11T13:12:04","date_gmt":"2014-12-11T11:12:04","guid":{"rendered":"http:\/\/udo.springfeld.eu\/blog\/?p=7858"},"modified":"2014-12-11T13:12:04","modified_gmt":"2014-12-11T11:12:04","slug":"ich","status":"publish","type":"post","link":"https:\/\/udo.springfeld.eu\/blog\/2014\/12\/11\/ich\/","title":{"rendered":"Ich"},"content":{"rendered":"<p>Ein Video zum Thema (Video-)\u00dcberwachung. Wenn unsere Innenpolitiker etwas Grips im Kopf h\u00e4tten, h\u00e4tten sie den B\u00fcrgerinnen und B\u00fcrgern l\u00e4ngst genau so erkl\u00e4rt, wie wichtig und richtig unser, ihrer, euer aller \u00dcberwachung ist. Aber nun m\u00fcssen eben wieder die Netzpolitiker ide Kohlen f\u00fcr &#8222;Kohls M\u00e4dchen&#8220; aus dem Feuer holen und erkl\u00e4ren, warum etwa der dem Bundeskanzleramt also der Kanzlerin Angela Merkel direkt unterstehende Bundesnachrichtendienst f\u00fcr die \u00dcberwachung einen Persilschein ausgestellt bekommen hat und sie sogar ausbauen will. Ich f\u00fcr meinen Teil bin froh, \u00fcberwacht zu werden. Gerade heute wieder habe ich einen Brief von der Staatsanwaltschaft erhalten, in dem mir mitgeteilt wird das ein Verfahren eingestellt wurde, meine Anzeige also nicht weiter verfolgt w\u00fcrde, da keine nennenswerte Aussicht auf Erfolg best\u00fcnde, und ich mich doch bitte melden solle. Es ging im \u00dcbrigen um einen Haufen Daten, der abhanden gekommen ist. Ganz schlicht und altmodisch, aus dem Posteingang. Und die Antwort des zur Total\u00fcberwachung erm\u00e4chtigten Staats ist: 0, nichts. Danke, f\u00fcr eben so viel.<\/p>\n<p><iframe loading=\"lazy\" width=\"450\" height=\"253\" src=\"\/\/www.youtube.com\/embed\/qGvZveB1osw?rel=0&amp;controls=0&amp;showinfo=0\" frameborder=\"0\" allowfullscreen><\/iframe><\/p>\n<p>Q: <a href=\"https:\/\/netzpolitik.org\/2014\/neues-animationsvideo-wir-lieben-ueberwachung\/\">Netzpolitik.org: Neues Animationsvideo: Wir lieben \u00dcberwachung.<\/p>\n","protected":false},"excerpt":{"rendered":"<p>Ein Video zum Thema (Video-)\u00dcberwachung. Wenn unsere Innenpolitiker etwas Grips im Kopf h\u00e4tten, h\u00e4tten sie den B\u00fcrgerinnen und B\u00fcrgern l\u00e4ngst genau so erkl\u00e4rt, wie wichtig und richtig unser, ihrer, euer aller \u00dcberwachung ist. Aber nun m\u00fcssen eben wieder die Netzpolitiker ide Kohlen f\u00fcr &#8222;Kohls M\u00e4dchen&#8220; aus dem Feuer holen und erkl\u00e4ren, warum etwa der dem [&hellip;]<\/p>\n","protected":false},"author":1,"featured_media":0,"comment_status":"open","ping_status":"open","sticky":false,"template":"","format":"standard","meta":{"footnotes":""},"categories":[502],"tags":[26,2111,2276,505],"class_list":["post-7858","post","type-post","status-publish","format-standard","hentry","category-videos","tag-angela-merkel","tag-prism","tag-totalueberwachung","tag-videoueberwachung"],"_links":{"self":[{"href":"https:\/\/udo.springfeld.eu\/blog\/wp-json\/wp\/v2\/posts\/7858","targetHints":{"allow":["GET"]}}],"collection":[{"href":"https:\/\/udo.springfeld.eu\/blog\/wp-json\/wp\/v2\/posts"}],"about":[{"href":"https:\/\/udo.springfeld.eu\/blog\/wp-json\/wp\/v2\/types\/post"}],"author":[{"embeddable":true,"href":"https:\/\/udo.springfeld.eu\/blog\/wp-json\/wp\/v2\/users\/1"}],"replies":[{"embeddable":true,"href":"https:\/\/udo.springfeld.eu\/blog\/wp-json\/wp\/v2\/comments?post=7858"}],"version-history":[{"count":0,"href":"https:\/\/udo.springfeld.eu\/blog\/wp-json\/wp\/v2\/posts\/7858\/revisions"}],"wp:attachment":[{"href":"https:\/\/udo.springfeld.eu\/blog\/wp-json\/wp\/v2\/media?parent=7858"}],"wp:term":[{"taxonomy":"category","embeddable":true,"href":"https:\/\/udo.springfeld.eu\/blog\/wp-json\/wp\/v2\/categories?post=7858"},{"taxonomy":"post_tag","embeddable":true,"href":"https:\/\/udo.springfeld.eu\/blog\/wp-json\/wp\/v2\/tags?post=7858"}],"curies":[{"name":"wp","href":"https:\/\/api.w.org\/{rel}","templated":true}]}}