{"id":7542,"date":"2014-07-07T09:59:15","date_gmt":"2014-07-07T07:59:15","guid":{"rendered":"http:\/\/udo.springfeld.eu\/blog\/?p=7542"},"modified":"2014-07-07T09:59:15","modified_gmt":"2014-07-07T07:59:15","slug":"feigheit-ungleichheit-buergerlichkeit","status":"publish","type":"post","link":"https:\/\/udo.springfeld.eu\/blog\/2014\/07\/07\/feigheit-ungleichheit-buergerlichkeit\/","title":{"rendered":"Feigheit, Ungleichheit, B\u00fcrgerlichkeit"},"content":{"rendered":"<p><a href=\"http:\/\/www.kraftfuttermischwerk.de\/blogg\/berliner-polizisten-bei-der-arbeit\/\">Die Berliner Polizei bei der Arbeit<\/a> \u00fcbt sich in Deeskalation.<br \/>\n<iframe loading=\"lazy\" title=\"brutaler Polizei\u00fcbergriff, 5. Juli 2014, Berlin Kreuzberg (G\u00f6rlitzer Park)\" width=\"450\" height=\"253\" src=\"https:\/\/www.youtube.com\/embed\/tuOJm7tmpMc?feature=oembed\" frameborder=\"0\" allow=\"accelerometer; autoplay; clipboard-write; encrypted-media; gyroscope; picture-in-picture; web-share\" referrerpolicy=\"strict-origin-when-cross-origin\" allowfullscreen><\/iframe><br \/>\nWer sieht wie der Beamte mit offensichtlichem Migrationshintergrund deutsche Tugenden an den Tag legt dem sollte klar sein das Neonazis, egal ob in Uniform oder in Zivil, nicht mehr als solche erkennbar sind. Es sind Menschen wie du und ich, nur nicht im Kopf. Wer nach Springerstiefeln und kahlgeschorener Kopf sucht wird am ausgestrecktem Arm verhungern. Neonazis von heute haben l\u00e4ngst ihren Platz in dem System gefunden das sie zu bek\u00e4mpfen beabsichtigen. Und das kommt ihnen entgegen. Es uniformiert seine Polizisten wieder schwarz. Es geht wieder gegen Menschen vor, die andere als die herrschende Meinung vertreten oder Hautfarbe haben. Es zerst\u00f6rt Freiheits- und B\u00fcrgerrechte, f\u00fcr jene in dem Video zur Schau getragenen vermeintliche Sicherheit: Niemand hatte von demjenigen, gegen den die Polizeigewalt sich in erster Linie richtet, etwas zu bef\u00fcrchten. Das der da mit gro\u00dfem Aufwand aus dem Verkehr gezogen wird &#8211; mit eigens hinzugezogenen Zivilpolizisten und Einsatzhundertschaft &#8211; tr\u00e4gt nicht zum Vertrauen in den Rechtsstaat bei, der Freiheit und B\u00fcrgerrechte aller verteidigen aber auch Sicherheit garantieren will. Mit jedem der vielen Einzelf\u00e4lle, mit denen wir uns konfrontiert sehen, sei es im Rahmen der Total\u00fcberwachung durch die NSA und den BND oder durch wahrnehmbaren Eingriff im wahrsten Sinne des Wortes, wird der Rechtsstaat wie er in der Schule in der Theorie vermittelt wird zur Phrase. Im Gegenteil haben alle Unbeteiligten pl\u00f6tzlich etwas mit dem Vorfall zu tun, denn sie werden unversehen zu Zeugen brutaler, willk\u00fcrlicher Gewalt von denjenigen, denen sie die im Rechtsstaat als Monopol \u00fcberlassen haben. Jeder der Umstehenden und Betrachter muss bei Bildern wie diesen denken: Wenn ich als Individuum so behandelt werde, gehe ich lieber in der Masse unter. Und schon wird aus 80 Millionen Menschen 80 Millionen Mitl\u00e4ufer. <\/p>\n","protected":false},"excerpt":{"rendered":"<p>Die Berliner Polizei bei der Arbeit \u00fcbt sich in Deeskalation. Wer sieht wie der Beamte mit offensichtlichem Migrationshintergrund deutsche Tugenden an den Tag legt dem sollte klar sein das Neonazis, egal ob in Uniform oder in Zivil, nicht mehr als solche erkennbar sind. Es sind Menschen wie du und ich, nur nicht im Kopf. Wer [&hellip;]<\/p>\n","protected":false},"author":1,"featured_media":0,"comment_status":"open","ping_status":"open","sticky":false,"template":"","format":"standard","meta":{"footnotes":""},"categories":[502],"tags":[2230,536,1370],"class_list":["post-7542","post","type-post","status-publish","format-standard","hentry","category-videos","tag-der-rechte-staat","tag-polizeigewalt","tag-rechtsstaat"],"_links":{"self":[{"href":"https:\/\/udo.springfeld.eu\/blog\/wp-json\/wp\/v2\/posts\/7542","targetHints":{"allow":["GET"]}}],"collection":[{"href":"https:\/\/udo.springfeld.eu\/blog\/wp-json\/wp\/v2\/posts"}],"about":[{"href":"https:\/\/udo.springfeld.eu\/blog\/wp-json\/wp\/v2\/types\/post"}],"author":[{"embeddable":true,"href":"https:\/\/udo.springfeld.eu\/blog\/wp-json\/wp\/v2\/users\/1"}],"replies":[{"embeddable":true,"href":"https:\/\/udo.springfeld.eu\/blog\/wp-json\/wp\/v2\/comments?post=7542"}],"version-history":[{"count":0,"href":"https:\/\/udo.springfeld.eu\/blog\/wp-json\/wp\/v2\/posts\/7542\/revisions"}],"wp:attachment":[{"href":"https:\/\/udo.springfeld.eu\/blog\/wp-json\/wp\/v2\/media?parent=7542"}],"wp:term":[{"taxonomy":"category","embeddable":true,"href":"https:\/\/udo.springfeld.eu\/blog\/wp-json\/wp\/v2\/categories?post=7542"},{"taxonomy":"post_tag","embeddable":true,"href":"https:\/\/udo.springfeld.eu\/blog\/wp-json\/wp\/v2\/tags?post=7542"}],"curies":[{"name":"wp","href":"https:\/\/api.w.org\/{rel}","templated":true}]}}