{"id":7486,"date":"2014-06-15T14:50:31","date_gmt":"2014-06-15T12:50:31","guid":{"rendered":"http:\/\/udo.springfeld.eu\/blog\/?p=7486"},"modified":"2014-06-15T14:50:31","modified_gmt":"2014-06-15T12:50:31","slug":"die-hessische-wahlkampfwg-gruesst-alle-linken-dummen-trottel","status":"publish","type":"post","link":"https:\/\/udo.springfeld.eu\/blog\/2014\/06\/15\/die-hessische-wahlkampfwg-gruesst-alle-linken-dummen-trottel\/","title":{"rendered":"Die hessische WahlkampfWG gr\u00fc\u00dft &#8222;alle linken dummen Trottel&#8220;"},"content":{"rendered":"<p>Neulich schrieb ich von <a href=\"http:\/\/udo.springfeld.eu\/blog\/2014\/06\/12\/soziale-medien-ernst-nehmen-ohne-den-humor-zu-verlieren\/\">gutem Umgang <strong>mit<\/strong> Sozialen Medien<\/a>, heute schreibe ich mal \u00fcber guten Umgang <strong>in<\/strong> Sozialen Netzwerken, in dem Fall die Wahlkampf-WG meiner hessischen SPD. Die entbl\u00f6dete sich kurz nach der Wahl nicht all jene zu beschimpfen die sie nicht \u00fcberzeugen konnte:<\/p>\n<p><a href=\"https:\/\/twitter.com\/WahlWG\/status\/381939985651605504\"><img loading=\"lazy\" decoding=\"async\" src=\"http:\/\/udo.springfeld.eu\/blog\/wp-content\/uploads\/2014\/06\/WahlWG-dumme-Trottel.png\" alt=\"WahlWG-dumme-Trottel\" width=\"450\" height=\"499\" class=\"alignleft size-full wp-image-7491\" \/><\/a><br \/>Q:<\/p>\n<blockquote class=\"twitter-tweet\" data-width=\"450\" data-dnt=\"true\">\n<p lang=\"de\" dir=\"ltr\">An alle links gerichteten Nichtw\u00e4hler, die geglaubt haben ihre Stimmen bewirken nichts: Ihr seid dumme Trottel! <a href=\"https:\/\/twitter.com\/hashtag\/ltwhe?src=hash&amp;ref_src=twsrc%5Etfw\">#ltwhe<\/a> <a href=\"https:\/\/twitter.com\/hashtag\/ltw13?src=hash&amp;ref_src=twsrc%5Etfw\">#ltw13<\/a><\/p>\n<p>&mdash; Wahlkampf-WG (@WahlWG) <a href=\"https:\/\/twitter.com\/WahlWG\/status\/381939985651605504?ref_src=twsrc%5Etfw\">September 23, 2013<\/a><\/p><\/blockquote>\n<p><script async src=\"https:\/\/platform.twitter.com\/widgets.js\" charset=\"utf-8\"><\/script><\/p>\n<p>Kann man nat\u00fcrlich machen, beweist nat\u00fcrlich nur wie schei\u00dfe man ist. Sich in sozialen Netzwerken asozial artikulieren kann ich ja noch verstehen, wenn man w\u00fctend ist. Sich als soziales Medium diese Bl\u00f6\u00dfe zu geben, und nichts anderes ist ein jeder Twitter-Account, zeugt davon wie unprofessionell man damit umgeht. Der gemeine Deutsche ist einfach noch nicht bereit f\u00fcr soziale Netzwerke, die ja nicht mehr oder weniger sein sollen als ein Spiegelbild der sozialen Gepflogenheiten. Die meisten tragen einfach nur unter dem Deckmantel pseudo-anonymer Kommunikation ihre gro\u00dfspurig ausgelegten Kleinkriege und kleinkarierten Pers\u00f6nlichkeit nach Au\u00dfen. Das wiederum sagt viel dar\u00fcber aus wie es im Innern aussieht. Jedem, der daran mitgewirkt hat die hessische SPD in m\u00f6glichst gutem Licht dastehen zu lassen, sollte sich bei so etwas der Magen umdrehen.<\/p>\n","protected":false},"excerpt":{"rendered":"<p>Neulich schrieb ich von gutem Umgang mit Sozialen Medien, heute schreibe ich mal \u00fcber guten Umgang in Sozialen Netzwerken, in dem Fall die Wahlkampf-WG meiner hessischen SPD. Die entbl\u00f6dete sich kurz nach der Wahl nicht all jene zu beschimpfen die sie nicht \u00fcberzeugen konnte: Q: An alle links gerichteten Nichtw\u00e4hler, die geglaubt haben ihre Stimmen [&hellip;]<\/p>\n","protected":false},"author":1,"featured_media":0,"comment_status":"open","ping_status":"open","sticky":false,"template":"","format":"standard","meta":{"footnotes":""},"categories":[205,557],"tags":[2084,2218,255,101],"class_list":["post-7486","post","type-post","status-publish","format-standard","hentry","category-kommentare","category-microblogging","tag-hessen-spd","tag-nichtwaehler","tag-twitter","tag-wahlkampf"],"_links":{"self":[{"href":"https:\/\/udo.springfeld.eu\/blog\/wp-json\/wp\/v2\/posts\/7486","targetHints":{"allow":["GET"]}}],"collection":[{"href":"https:\/\/udo.springfeld.eu\/blog\/wp-json\/wp\/v2\/posts"}],"about":[{"href":"https:\/\/udo.springfeld.eu\/blog\/wp-json\/wp\/v2\/types\/post"}],"author":[{"embeddable":true,"href":"https:\/\/udo.springfeld.eu\/blog\/wp-json\/wp\/v2\/users\/1"}],"replies":[{"embeddable":true,"href":"https:\/\/udo.springfeld.eu\/blog\/wp-json\/wp\/v2\/comments?post=7486"}],"version-history":[{"count":0,"href":"https:\/\/udo.springfeld.eu\/blog\/wp-json\/wp\/v2\/posts\/7486\/revisions"}],"wp:attachment":[{"href":"https:\/\/udo.springfeld.eu\/blog\/wp-json\/wp\/v2\/media?parent=7486"}],"wp:term":[{"taxonomy":"category","embeddable":true,"href":"https:\/\/udo.springfeld.eu\/blog\/wp-json\/wp\/v2\/categories?post=7486"},{"taxonomy":"post_tag","embeddable":true,"href":"https:\/\/udo.springfeld.eu\/blog\/wp-json\/wp\/v2\/tags?post=7486"}],"curies":[{"name":"wp","href":"https:\/\/api.w.org\/{rel}","templated":true}]}}