{"id":675,"date":"2009-01-01T18:31:11","date_gmt":"2009-01-01T16:31:11","guid":{"rendered":"http:\/\/udo.springfeld.eu\/blog\/?p=675"},"modified":"2015-12-01T17:31:17","modified_gmt":"2015-12-01T16:31:17","slug":"jahr-2008-in-fotos","status":"publish","type":"post","link":"https:\/\/udo.springfeld.eu\/blog\/2009\/01\/01\/jahr-2008-in-fotos\/","title":{"rendered":"Jahr 2008 in Fotos"},"content":{"rendered":"<p>P\u00fcnktlich zum Jahreswechsel \u00fcberboten sich die Medien mit Jahresr\u00fcckblicken, tats\u00e4chlich beschr\u00e4nkte sich niemand darauf nur zur\u00fcck zu blicken, vielmehr werteten man aufs Neue was vor sich ging, interpretierte was nicht eindeutig zu belegen war und garnierte all das mit belanglosen Kommentaren, mehr oder weniger passender Musik und jeder Menge Werbung. Wer noch einmal ohne viel Schnickschnack ins Jahr 2008 zur\u00fcck schauen will, sollte &raquo;The Big Picture&laquo; von &raquo;The Boston Globe&laquo; eine Chance geben: Keine gro\u00dfes Geschwafel, nur f\u00fcr sich sprechende Fotos, wertungsfreie Untertitel:<br \/>\n<a href=\"http:\/\/www.boston.com\/bigpicture\/2008\/12\/the_year_2008_in_photographs_p.html\">2008, the year in photographs 1<\/a> (<a href=\"http:\/\/www.boston.com\/bigpicture\/2008\/12\/2008_in_photographs_part_2_of.html\">2<\/a>, <a href=\"http:\/\/www.boston.com\/bigpicture\/2008\/12\/2008_the_year_in_photographs_p.html\">3<\/a>)<\/p>\n","protected":false},"excerpt":{"rendered":"<p>P\u00fcnktlich zum Jahreswechsel \u00fcberboten sich die Medien mit Jahresr\u00fcckblicken, tats\u00e4chlich beschr\u00e4nkte sich niemand darauf nur zur\u00fcck zu blicken, vielmehr werteten man aufs Neue was vor sich ging, interpretierte was nicht eindeutig zu belegen war und garnierte all das mit belanglosen Kommentaren, mehr oder weniger passender Musik und jeder Menge Werbung. Wer noch einmal ohne viel [&hellip;]<\/p>\n","protected":false},"author":1,"featured_media":0,"comment_status":"open","ping_status":"open","sticky":false,"template":"","format":"standard","meta":{"footnotes":""},"categories":[66],"tags":[6,20,182],"class_list":["post-675","post","type-post","status-publish","format-standard","hentry","category-fotos","tag-hobbies","tag-zeitgeschehen","tag-zeitgeschehen-fotografie"],"_links":{"self":[{"href":"https:\/\/udo.springfeld.eu\/blog\/wp-json\/wp\/v2\/posts\/675","targetHints":{"allow":["GET"]}}],"collection":[{"href":"https:\/\/udo.springfeld.eu\/blog\/wp-json\/wp\/v2\/posts"}],"about":[{"href":"https:\/\/udo.springfeld.eu\/blog\/wp-json\/wp\/v2\/types\/post"}],"author":[{"embeddable":true,"href":"https:\/\/udo.springfeld.eu\/blog\/wp-json\/wp\/v2\/users\/1"}],"replies":[{"embeddable":true,"href":"https:\/\/udo.springfeld.eu\/blog\/wp-json\/wp\/v2\/comments?post=675"}],"version-history":[{"count":1,"href":"https:\/\/udo.springfeld.eu\/blog\/wp-json\/wp\/v2\/posts\/675\/revisions"}],"predecessor-version":[{"id":8763,"href":"https:\/\/udo.springfeld.eu\/blog\/wp-json\/wp\/v2\/posts\/675\/revisions\/8763"}],"wp:attachment":[{"href":"https:\/\/udo.springfeld.eu\/blog\/wp-json\/wp\/v2\/media?parent=675"}],"wp:term":[{"taxonomy":"category","embeddable":true,"href":"https:\/\/udo.springfeld.eu\/blog\/wp-json\/wp\/v2\/categories?post=675"},{"taxonomy":"post_tag","embeddable":true,"href":"https:\/\/udo.springfeld.eu\/blog\/wp-json\/wp\/v2\/tags?post=675"}],"curies":[{"name":"wp","href":"https:\/\/api.w.org\/{rel}","templated":true}]}}