{"id":6065,"date":"2012-11-11T18:25:01","date_gmt":"2012-11-11T16:25:01","guid":{"rendered":"http:\/\/udo.springfeld.eu\/blog\/?p=6065"},"modified":"2012-11-11T18:25:01","modified_gmt":"2012-11-11T16:25:01","slug":"sarrazin-in-der-liberalen-synagoge-darmstadt","status":"publish","type":"post","link":"https:\/\/udo.springfeld.eu\/blog\/2012\/11\/11\/sarrazin-in-der-liberalen-synagoge-darmstadt\/","title":{"rendered":"Sarrazin in der liberalen Synagoge Darmstadt"},"content":{"rendered":"<p>In der Synagoge fragt der Vorsitzende des F\u00f6rdervereins, ob sich jemand vorstellen k\u00f6nne, warum die Gemeinde von 100 auf 700 Mitglieder angewachsen sei. Daraufhin outete sich einer der G\u00e4ste unfreiwillig als Sarrazin-Fan: &raquo;Wegen der h\u00f6heren Geburtenrate.&laquo; Hier, an dem Ort der Gedenkst\u00e4tte, \u00fcber den Grundmauern der liberalen Synagogen, wo vor 74 Jahren dem religi\u00f6sen Leben einer Minderheit unter den Augen einer &#8222;christlichen Mehrheitsgesellschaft&#8220; und deren ultrakonservativen Administration ein gewaltsames Ende bereitet wurde, meint jemand die abstrusen Thesen des<a href=\"http:\/\/udo.springfeld.eu\/blog\/2010\/06\/10\/sarrazin-beehrt-darmstadt\/\">Darmstadt \u201cbeehrenden\u201d Sarrazin<\/a> wiederk\u00e4uen zu m\u00fcssen. Das der Mann nichts von Zahlen versteht, daf\u00fcr spricht auch die sich aus 100 und 700 ergebende Reproduktionsrate, die dem zugrunde l\u00e4ge. Doch er geh\u00f6rt noch zu den Interessierten, zigtausende andere legen sich \u00e4hnliche oder schlimmere Weltbilder zusammen. Und gerade die machen mir Angst. Und gerade die machen Sarrazin zum ideologischen Brandstifter.<\/p>\n","protected":false},"excerpt":{"rendered":"<p>In der Synagoge fragt der Vorsitzende des F\u00f6rdervereins, ob sich jemand vorstellen k\u00f6nne, warum die Gemeinde von 100 auf 700 Mitglieder angewachsen sei. Daraufhin outete sich einer der G\u00e4ste unfreiwillig als Sarrazin-Fan: &raquo;Wegen der h\u00f6heren Geburtenrate.&laquo; Hier, an dem Ort der Gedenkst\u00e4tte, \u00fcber den Grundmauern der liberalen Synagogen, wo vor 74 Jahren dem religi\u00f6sen Leben [&hellip;]<\/p>\n","protected":false},"author":1,"featured_media":0,"comment_status":"open","ping_status":"open","sticky":false,"template":"","format":"standard","meta":{"footnotes":""},"categories":[13],"tags":[21,1900,1901,981],"class_list":["post-6065","post","type-post","status-publish","format-standard","hentry","category-beobachtungen","tag-darmstadt","tag-liberale-synagoge","tag-liberale-synagoge-darmstadt","tag-thilo-sarrazin"],"_links":{"self":[{"href":"https:\/\/udo.springfeld.eu\/blog\/wp-json\/wp\/v2\/posts\/6065","targetHints":{"allow":["GET"]}}],"collection":[{"href":"https:\/\/udo.springfeld.eu\/blog\/wp-json\/wp\/v2\/posts"}],"about":[{"href":"https:\/\/udo.springfeld.eu\/blog\/wp-json\/wp\/v2\/types\/post"}],"author":[{"embeddable":true,"href":"https:\/\/udo.springfeld.eu\/blog\/wp-json\/wp\/v2\/users\/1"}],"replies":[{"embeddable":true,"href":"https:\/\/udo.springfeld.eu\/blog\/wp-json\/wp\/v2\/comments?post=6065"}],"version-history":[{"count":0,"href":"https:\/\/udo.springfeld.eu\/blog\/wp-json\/wp\/v2\/posts\/6065\/revisions"}],"wp:attachment":[{"href":"https:\/\/udo.springfeld.eu\/blog\/wp-json\/wp\/v2\/media?parent=6065"}],"wp:term":[{"taxonomy":"category","embeddable":true,"href":"https:\/\/udo.springfeld.eu\/blog\/wp-json\/wp\/v2\/categories?post=6065"},{"taxonomy":"post_tag","embeddable":true,"href":"https:\/\/udo.springfeld.eu\/blog\/wp-json\/wp\/v2\/tags?post=6065"}],"curies":[{"name":"wp","href":"https:\/\/api.w.org\/{rel}","templated":true}]}}