{"id":565,"date":"2008-11-19T20:31:08","date_gmt":"2008-11-19T18:31:08","guid":{"rendered":"http:\/\/udo.springfeld.eu\/blog\/?p=565"},"modified":"2015-12-01T18:21:18","modified_gmt":"2015-12-01T17:21:18","slug":"jorg-uwe-hahn-uber-wahlerwillen-kontra-wortbruch","status":"publish","type":"post","link":"https:\/\/udo.springfeld.eu\/blog\/2008\/11\/19\/jorg-uwe-hahn-uber-wahlerwillen-kontra-wortbruch\/","title":{"rendered":"J\u00f6rg-Uwe Hahn \u00fcber W\u00e4hlerwillen und Wortbruch"},"content":{"rendered":"<p>Nachdem ich heute den H\u00f6rsaal verlies schaltete ich erstmal zur Debatte um die Rettung der angeschlagenen hessischen Wirtschaft und der Aufl\u00f6sung des hessischen Landtages, gleich zu Beginn vernahm ich einen Redebeitrag von <a href=\"http:\/\/www.j\u00f6rg-uwe-hahn.de\/\" target=\"_blank\" rel=\"nofollow\">J\u00f6rg-Uwe Hahn<\/a>, FDP-Partei- und Fraktionsvorsitzender. W\u00e4hrend der Beratung zur Ausl\u00f6sung des 17. hessischen Landtages betete Hahn unter tosendem Applaus seiner eigenen Fraktion zwei l\u00e4ngst wiederlegte Behauptungen herunter, die ich hier nur in etwa und nicht im Wortlaut und mit eigenen Hervorhebungen versehen wiedergegeben m\u00f6chte.<\/p>\n<blockquote><p>Seit September haben wir <strong>verl\u00e4ssliche Zahlen<\/strong> dar\u00fcber das der Souver\u00e4n seine Stimme zur\u00fcckverlangt.<\/p><\/blockquote>\n<p>W\u00fcrde Herr Hahn von der FDP mal Blogs statt Zeitungen lesen, w\u00fcrde er zwar immer noch aus irref\u00fchrende Erhebungen zitieren, aber sie dabei vielleicht wenigstens nicht mehr als &raquo;verl\u00e4ssliche Zahlen&raquo; deklarieren: Obwohl repr\u00e4sentativ, stellte sich durch Anruf beim Meinungsforschungsinstitut heraus, das zwar \u00fcber 1000 B\u00fcrger befragt worden seien, aber nicht einmal 100 hiervon aus Hessen stammten. Wenn Herr Hahn noch immer nicht begreift, was der Kritikpunkt an dieser so vielzitierten Umfrage ist, w\u00e4re meine Empfehlung an ihn auch mal ein gutes Buch zur repr\u00e4sentativer Statistik zur Hand zu nehmen. Nur so ein Gedanke.<\/p>\n<p>Generell sollte man \u00fcber den <a href=\"http:\/\/udo.springfeld.eu\/blog\/2008\/08\/17\/umfragewert\/\" target=\"_blank\">Umfragewert<\/a> speziell jener Meinungsforschungsinstitute einmal nachdenken, die vor der Wahl etwas diametral anderes prognostizieren als nach der Wahl herauskommt und andere Institute zur selben Zeit ermitteln.<\/p>\n<blockquote><p>Die <strong>Initiative Wortbruch<\/strong> hat in den ersten Tagen ihres Bestehens 13000 Bekennerworte, nicht Klicks, Bekennerworte gegen den von ihnen angestrebten Wortbruch gesammelt.<\/p><\/blockquote>\n<p>Wieder hei\u00dft es, wer Blogs liest ist klar im Vorteil: Vor mehreren Wochen bereits entlarvten Genossen aus Nordrhein-Westfalen die <a href=\"http:\/\/blog.nrwspd.de\/2008\/10\/29\/cdu-mit-gefaketer-buergerinitiative-gegen-regierungsbildung-in-hessen\/\">vermeintliche B\u00fcrgerinitiative als Winkelzug der hessischen CDU<\/a> im Kampf gegen die bevorstehende Regierungs\u00fcbernahme. Peinlich fiel zu selben Zeit ein Schreiben von Roland Koch h\u00f6chst selbst den Medien in H\u00e4nde, indem er unterj\u00e4hrig um Spenden f\u00fcr weitere Aufkl\u00e4rungsarbeit gegen eine rot-gr\u00fcne Regierung unter Tolerierung von Die Linke einsammelte. <\/p>\n<p><strong>Wer solche Koalitionspartner sucht, verdient keine einzige Stimme, liebe FDP!<\/strong><\/p>\n","protected":false},"excerpt":{"rendered":"<p>Nachdem ich heute den H\u00f6rsaal verlies schaltete ich erstmal zur Debatte um die Rettung der angeschlagenen hessischen Wirtschaft und der Aufl\u00f6sung des hessischen Landtages, gleich zu Beginn vernahm ich einen Redebeitrag von J\u00f6rg-Uwe Hahn, FDP-Partei- und Fraktionsvorsitzender. W\u00e4hrend der Beratung zur Ausl\u00f6sung des 17. hessischen Landtages betete Hahn unter tosendem Applaus seiner eigenen Fraktion zwei [&hellip;]<\/p>\n","protected":false},"author":1,"featured_media":0,"comment_status":"closed","ping_status":"closed","sticky":false,"template":"","format":"standard","meta":{"footnotes":""},"categories":[484],"tags":[86,169,9,92,165,20],"class_list":["post-565","post","type-post","status-publish","format-standard","hentry","category-zitate","tag-fdp","tag-jorg-uwe-hahn","tag-politik","tag-roland-koch","tag-umfragen","tag-zeitgeschehen"],"_links":{"self":[{"href":"https:\/\/udo.springfeld.eu\/blog\/wp-json\/wp\/v2\/posts\/565","targetHints":{"allow":["GET"]}}],"collection":[{"href":"https:\/\/udo.springfeld.eu\/blog\/wp-json\/wp\/v2\/posts"}],"about":[{"href":"https:\/\/udo.springfeld.eu\/blog\/wp-json\/wp\/v2\/types\/post"}],"author":[{"embeddable":true,"href":"https:\/\/udo.springfeld.eu\/blog\/wp-json\/wp\/v2\/users\/1"}],"replies":[{"embeddable":true,"href":"https:\/\/udo.springfeld.eu\/blog\/wp-json\/wp\/v2\/comments?post=565"}],"version-history":[{"count":1,"href":"https:\/\/udo.springfeld.eu\/blog\/wp-json\/wp\/v2\/posts\/565\/revisions"}],"predecessor-version":[{"id":8806,"href":"https:\/\/udo.springfeld.eu\/blog\/wp-json\/wp\/v2\/posts\/565\/revisions\/8806"}],"wp:attachment":[{"href":"https:\/\/udo.springfeld.eu\/blog\/wp-json\/wp\/v2\/media?parent=565"}],"wp:term":[{"taxonomy":"category","embeddable":true,"href":"https:\/\/udo.springfeld.eu\/blog\/wp-json\/wp\/v2\/categories?post=565"},{"taxonomy":"post_tag","embeddable":true,"href":"https:\/\/udo.springfeld.eu\/blog\/wp-json\/wp\/v2\/tags?post=565"}],"curies":[{"name":"wp","href":"https:\/\/api.w.org\/{rel}","templated":true}]}}