{"id":529,"date":"2008-11-11T11:24:40","date_gmt":"2008-11-11T09:24:40","guid":{"rendered":"http:\/\/udo.springfeld.eu\/blog\/?p=529"},"modified":"2015-12-01T17:21:21","modified_gmt":"2015-12-01T16:21:21","slug":"forsa-vorn","status":"publish","type":"post","link":"https:\/\/udo.springfeld.eu\/blog\/2008\/11\/11\/forsa-vorn\/","title":{"rendered":"Forsa vorn!"},"content":{"rendered":"<p>Das ich das noch erleben darf!<\/p>\n<p>P\u00fcnktlich zur n\u00e4rrischen Zeit spielen auch <a href=\"http:\/\/www.wahlrecht.de\/umfragen\/index.htm\">Umfragewerte verr\u00fcckt<\/a>, erstmals dies Jahr liegt das Meinungsforschungsinstitut unter Leitung von Manfred G\u00fcllner, auch Forsa genannt, mit seinen Umfragewerten <strong>vor allen anderen Instituten<\/strong>.<\/p>\n<p>Nachdem erstmals Anfang September ein pl\u00f6tzlicher Quantensprung um vier Prozentpunkte zu verzeichnen war &#8211; unmittelbar nach dem R\u00fccktritt von SPD-Parteivorsitzendem Kurt Beck sofort spontan eine Umfrage durch, ungew\u00f6hnlich f\u00fcr ein Meinungsforschungsinstitut, das bis dahin seine Ergebnisse jeweils am Mittwoch ver\u00f6ffentlichte &#8211; steht f\u00fcr morgigen Mittwoch vermutlich ein weitererer Schritt zur Genesung der Forsa-Umfragewerte der SPD an: Dieses Mal d\u00fcrfte das Scheitern einer Die Linke-tolerierten Rot-Gr\u00fcnen-Koalition in Hessen f\u00fcr ein pl\u00f6tzliches Abschwellen der Umfragewerte f\u00fcr die SPD angef\u00fchrt werden, vielleicht wird aber auch wieder einmal der Umgang mit den vier Dissidenten f\u00fcr die dahin geschmolzene Zustimmung beim W\u00e4hler zur Erkl\u00e4rung herangezogen werden.<\/p>\n<p>Update, 12. November 2008: Satter Punktabzug f\u00fcr Team SPD! Befragt wurde zwischen dem 3. November, dem Tag der Pressekonferenz der vier Abweichler in der hessischen SPD-Fraktion, und dem 7., und sowohl Gr\u00fcne (2%) als auch CDU (1%) profitieren. Auf nach Jamaika!<\/p>\n","protected":false},"excerpt":{"rendered":"<p>Das ich das noch erleben darf! P\u00fcnktlich zur n\u00e4rrischen Zeit spielen auch Umfragewerte verr\u00fcckt, erstmals dies Jahr liegt das Meinungsforschungsinstitut unter Leitung von Manfred G\u00fcllner, auch Forsa genannt, mit seinen Umfragewerten vor allen anderen Instituten. Nachdem erstmals Anfang September ein pl\u00f6tzlicher Quantensprung um vier Prozentpunkte zu verzeichnen war &#8211; unmittelbar nach dem R\u00fccktritt von SPD-Parteivorsitzendem [&hellip;]<\/p>\n","protected":false},"author":1,"featured_media":0,"comment_status":"open","ping_status":"open","sticky":false,"template":"","format":"standard","meta":{"footnotes":""},"categories":[205],"tags":[785,19,165,20],"class_list":["post-529","post","type-post","status-publish","format-standard","hentry","category-kommentare","tag-forsa","tag-spd","tag-umfragen","tag-zeitgeschehen"],"_links":{"self":[{"href":"https:\/\/udo.springfeld.eu\/blog\/wp-json\/wp\/v2\/posts\/529","targetHints":{"allow":["GET"]}}],"collection":[{"href":"https:\/\/udo.springfeld.eu\/blog\/wp-json\/wp\/v2\/posts"}],"about":[{"href":"https:\/\/udo.springfeld.eu\/blog\/wp-json\/wp\/v2\/types\/post"}],"author":[{"embeddable":true,"href":"https:\/\/udo.springfeld.eu\/blog\/wp-json\/wp\/v2\/users\/1"}],"replies":[{"embeddable":true,"href":"https:\/\/udo.springfeld.eu\/blog\/wp-json\/wp\/v2\/comments?post=529"}],"version-history":[{"count":2,"href":"https:\/\/udo.springfeld.eu\/blog\/wp-json\/wp\/v2\/posts\/529\/revisions"}],"predecessor-version":[{"id":8746,"href":"https:\/\/udo.springfeld.eu\/blog\/wp-json\/wp\/v2\/posts\/529\/revisions\/8746"}],"wp:attachment":[{"href":"https:\/\/udo.springfeld.eu\/blog\/wp-json\/wp\/v2\/media?parent=529"}],"wp:term":[{"taxonomy":"category","embeddable":true,"href":"https:\/\/udo.springfeld.eu\/blog\/wp-json\/wp\/v2\/categories?post=529"},{"taxonomy":"post_tag","embeddable":true,"href":"https:\/\/udo.springfeld.eu\/blog\/wp-json\/wp\/v2\/tags?post=529"}],"curies":[{"name":"wp","href":"https:\/\/api.w.org\/{rel}","templated":true}]}}