{"id":4058,"date":"2011-05-01T20:13:05","date_gmt":"2011-05-01T19:13:05","guid":{"rendered":"http:\/\/udo.springfeld.eu\/blog\/2011\/05\/01\/jusos-fordern-konsequenzen-aus-sarrazin-entscheidung-rucktritt-von-spd-generalsekretarin-andrea-nahles-gefordert\/"},"modified":"2011-05-01T20:13:05","modified_gmt":"2011-05-01T19:13:05","slug":"jusos-fordern-konsequenzen-aus-sarrazin-entscheidung-rucktritt-von-spd-generalsekretarin-andrea-nahles-gefordert","status":"publish","type":"post","link":"https:\/\/udo.springfeld.eu\/blog\/2011\/05\/01\/jusos-fordern-konsequenzen-aus-sarrazin-entscheidung-rucktritt-von-spd-generalsekretarin-andrea-nahles-gefordert\/","title":{"rendered":"Jusos fordern Konsequenzen aus Sarrazin-Entscheidung: R\u00fccktritt von SPD-Generalsekret\u00e4rin Andrea Nahles gefordert"},"content":{"rendered":"<p><a href=\"http:\/\/jusos-hessen.de\/node\/356\">Dem<\/a> ist aus meiner Sich nichts hinzuzuf\u00fcgen.<\/p>\n<blockquote>\n<p>Die Jusos in Hessen reagieren mit v\u00f6lligem Unverst\u00e4ndnis darauf, dass die Antr\u00e4ge auf Parteiausschluss gegen Dr. Thilo Sarrazin wegen dessen wachsweicher Erkl\u00e4rung vor dem Schiedsgericht zur\u00fcckgezogen wurden.<\/p>\n<p>Zum Ausgang des Parteiordnungsverfahrens gegen Dr. Thilo Sarrazin wegen dessen sozialdarwinistischen und rassistischen Thesen in seinem Buch \u201eDeutschland schafft sich ab\u201c und seinem Wahlkampfauftritt f\u00fcr die politische Konkurrenz im hessischen Kommunalwahlkampf erkl\u00e4ren der Juso-Landesvorsitzende Felix Diehl, der s\u00fcdhessische Juso-Bezirksvorsitzende Behnam Yazdani und der nordhessische Juso-Bezirksvorsitzende Pascal Barthel:<br \/>\n\u201eF\u00fcr uns ist die Einigung mit Dr. Thilo Sarrazin wegen dessen relativierender Erkl\u00e4rung vor dem Schiedsgericht nicht nachvollziehbar. Thilo Sarrazin hat mit seiner Erkl\u00e4rung seine rassistischen und sozialdarwinistischen \u00c4u\u00dferungen nicht ausdr\u00fccklich zur\u00fcckgenommen. Zudem wurde in der Erkl\u00e4rung der Auftritt von Thilo Sarrazin bei der Jungen Union im hessischen Kommunalwahlkampf nicht erw\u00e4hnt. F\u00fcr uns ist absolut nicht nachvollziehbar, warum alle Verfahrensbeteiligten der Einigung zugestimmt haben und insbesondere die SPD-Generalsekret\u00e4rin Andrea Nahles den einstimmigen Beschluss des SPD-Bundesvorstandes nicht weiter verfolgt oder zumindest eine Vertagung des Termins angestrebt hat. Deshalb fordern wir Konsequenzen aus dieser Entscheidung und den R\u00fccktritt von Andrea Nahles als SPD-Generalsekret\u00e4rin\u201c so Diehl, Yazdani und Barthel.<\/p>\n<p>Der SPD-Nachwuchs ist sich bewusst, dass der Fall Sarrazin innerhalb der Sozialdemokratie emotional und kontrovers diskutiert wurde und wird. Aber gerade weil jedes SPD-Mitglied eine Meinung zur Person Sarrazin und seinen \u00c4u\u00dferungen habe, sei es besch\u00e4mend wie Generalsekret\u00e4rin Nahles das Thema meint beenden zu m\u00fcssen. \u201eEine Profi-Politikerin wie Andrea Nahles kennt ihre Partei und wei\u00df doch, dass solche Entscheidungen nicht \u201eOben\u201c getroffen werden d\u00fcrfen, um dann die Parteibasis nur noch abnicken zu lassen. Fr\u00fcher hat Andrea Nahles aus diesem Grund das Verhalten von SPD-Bundeskanzler Gerhard Schr\u00f6der selbst kritisiert\u201c erkl\u00e4rt der nordhessische Juso-Vorsitzende Pascal Barthel.<\/p>\n<p>Mit der Einigung sei der integrationspolitischen Glaubw\u00fcrdigkeit der SPD ein B\u00e4rendienst erwiesen worden. \u201eDie SPD tritt seit je her f\u00fcr sozialen Aufstieg unabh\u00e4ngig von der Herkunft ein. Die biologistischen Thesen von Sarrazin \u00fcber die genetische Veranlagung bestimmter Gruppen stehen dazu im direkten Widerspruch. Da Sarrazin noch nicht einmal abverlangt wurde diese ausdr\u00fccklich zu widerrufen, steht jetzt die integrationspolitische Glaubw\u00fcrdigkeit der SPD auf dem Spiel\u201c so der Juso-Bezirksvorsitzende Behnam Yazdani. Best\u00e4tigt sehen sich die Jusos in ihrer Bef\u00fcrchtung durch die Einlassung des SPD-Arbeitskreisvorsitzenden f\u00fcr Migration, Kenan Kolat, und den Parteiaustritt von Sergey Lagodinsky, dem Gr\u00fcnder des Arbeitskreises j\u00fcdischer Sozialdemokraten.<\/p>\n<p>Eine besondere Rolle im Parteiordnungsverfahren hatte f\u00fcr die hessischen Jusos auch gespielt, dass Thilo Sarrazin am 9. Februar 2011 in Ehringshausen f\u00fcr einen Eintrittspreis von 10 \u20ac auf Einladung der Jungen Union aufgetreten ist. \u201eMit dem Auftritt hat Sarrazin Geld in die Kasse der CDU-Nachwuchsorganisation gesp\u00fclt und damit wenige Wochen vor den Kommunalwahlen in Hessen Wahlkampfhilfe f\u00fcr die politische Konkurrenz geleistet. Es kann nicht sein, dass dieses unsolidarische Verhalten ohne Konsequenzen bleibt\u201c so Juso-Landeschef Felix Diehl. Die Jusos hatten sich an einer Gegendemonstration zu dem Auftritt von Sarrazin beteiligt.<\/p>\n<\/blockquote>\n<p>Aus <a href=\"http:\/\/udo.springfeld.eu\/blog\/2010\/06\/10\/sarrazin-beehrt-darmstadt\/\">meiner Meinung zur Causa Sarrazin<\/a> habe ich vom ersten Tag an keinen Hehl gemacht. Die Entscheidung der Parteispitze macht mich deshalb umso zorniger.<\/p>\n","protected":false},"excerpt":{"rendered":"<p>Dem ist aus meiner Sich nichts hinzuzuf\u00fcgen. Die Jusos in Hessen reagieren mit v\u00f6lligem Unverst\u00e4ndnis darauf, dass die Antr\u00e4ge auf Parteiausschluss gegen Dr. Thilo Sarrazin wegen dessen wachsweicher Erkl\u00e4rung vor dem Schiedsgericht zur\u00fcckgezogen wurden. Zum Ausgang des Parteiordnungsverfahrens gegen Dr. Thilo Sarrazin wegen dessen sozialdarwinistischen und rassistischen Thesen in seinem Buch \u201eDeutschland schafft sich ab\u201c [&hellip;]<\/p>\n","protected":false},"author":1,"featured_media":0,"comment_status":"open","ping_status":"open","sticky":false,"template":"","format":"standard","meta":{"footnotes":""},"categories":[205],"tags":[],"class_list":["post-4058","post","type-post","status-publish","format-standard","hentry","category-kommentare"],"_links":{"self":[{"href":"https:\/\/udo.springfeld.eu\/blog\/wp-json\/wp\/v2\/posts\/4058","targetHints":{"allow":["GET"]}}],"collection":[{"href":"https:\/\/udo.springfeld.eu\/blog\/wp-json\/wp\/v2\/posts"}],"about":[{"href":"https:\/\/udo.springfeld.eu\/blog\/wp-json\/wp\/v2\/types\/post"}],"author":[{"embeddable":true,"href":"https:\/\/udo.springfeld.eu\/blog\/wp-json\/wp\/v2\/users\/1"}],"replies":[{"embeddable":true,"href":"https:\/\/udo.springfeld.eu\/blog\/wp-json\/wp\/v2\/comments?post=4058"}],"version-history":[{"count":0,"href":"https:\/\/udo.springfeld.eu\/blog\/wp-json\/wp\/v2\/posts\/4058\/revisions"}],"wp:attachment":[{"href":"https:\/\/udo.springfeld.eu\/blog\/wp-json\/wp\/v2\/media?parent=4058"}],"wp:term":[{"taxonomy":"category","embeddable":true,"href":"https:\/\/udo.springfeld.eu\/blog\/wp-json\/wp\/v2\/categories?post=4058"},{"taxonomy":"post_tag","embeddable":true,"href":"https:\/\/udo.springfeld.eu\/blog\/wp-json\/wp\/v2\/tags?post=4058"}],"curies":[{"name":"wp","href":"https:\/\/api.w.org\/{rel}","templated":true}]}}