{"id":3530,"date":"2010-06-06T16:21:21","date_gmt":"2010-06-06T15:21:21","guid":{"rendered":"http:\/\/udo.springfeld.eu\/blog\/?p=3530"},"modified":"2010-06-06T16:21:21","modified_gmt":"2010-06-06T15:21:21","slug":"hochauflosende-webcams-auf-island","status":"publish","type":"post","link":"https:\/\/udo.springfeld.eu\/blog\/2010\/06\/06\/hochauflosende-webcams-auf-island\/","title":{"rendered":"hochaufl\u00f6sende Webcams auf Island"},"content":{"rendered":"<p>Im Rahmen der Kampagne inspired by iceland wurden <a href=\"http:\/\/www.inspiredbyiceland.com\/icelandlive\/\">neue hochaufl\u00f6sende Webcams auf Island<\/a> zug\u00e4nglich gemacht. Ich liebe es ja von Zeit zu Zeit virtuell &#8211; via flickr, Webcams &#038; Co. &#8211;  und pers\u00f6nlich meinen Reisel\u00e4ndern einen Besuch abzustatten, und das ist eine wahrlich wundervolle Gelegenheit (<a href=\"http:\/\/blog.snaefell.de\/2010\/06\/05\/neue-webcams-in-island\/\">via<\/a>).<\/p>\n","protected":false},"excerpt":{"rendered":"<p>Im Rahmen der Kampagne inspired by iceland wurden neue hochaufl\u00f6sende Webcams auf Island zug\u00e4nglich gemacht. Ich liebe es ja von Zeit zu Zeit virtuell &#8211; via flickr, Webcams &#038; Co. &#8211; und pers\u00f6nlich meinen Reisel\u00e4ndern einen Besuch abzustatten, und das ist eine wahrlich wundervolle Gelegenheit (via).<\/p>\n","protected":false},"author":1,"featured_media":0,"comment_status":"open","ping_status":"open","sticky":false,"template":"","format":"standard","meta":{"footnotes":""},"categories":[52],"tags":[136,956],"class_list":["post-3530","post","type-post","status-publish","format-standard","hentry","category-tellerrand","tag-island","tag-webcam"],"_links":{"self":[{"href":"https:\/\/udo.springfeld.eu\/blog\/wp-json\/wp\/v2\/posts\/3530","targetHints":{"allow":["GET"]}}],"collection":[{"href":"https:\/\/udo.springfeld.eu\/blog\/wp-json\/wp\/v2\/posts"}],"about":[{"href":"https:\/\/udo.springfeld.eu\/blog\/wp-json\/wp\/v2\/types\/post"}],"author":[{"embeddable":true,"href":"https:\/\/udo.springfeld.eu\/blog\/wp-json\/wp\/v2\/users\/1"}],"replies":[{"embeddable":true,"href":"https:\/\/udo.springfeld.eu\/blog\/wp-json\/wp\/v2\/comments?post=3530"}],"version-history":[{"count":0,"href":"https:\/\/udo.springfeld.eu\/blog\/wp-json\/wp\/v2\/posts\/3530\/revisions"}],"wp:attachment":[{"href":"https:\/\/udo.springfeld.eu\/blog\/wp-json\/wp\/v2\/media?parent=3530"}],"wp:term":[{"taxonomy":"category","embeddable":true,"href":"https:\/\/udo.springfeld.eu\/blog\/wp-json\/wp\/v2\/categories?post=3530"},{"taxonomy":"post_tag","embeddable":true,"href":"https:\/\/udo.springfeld.eu\/blog\/wp-json\/wp\/v2\/tags?post=3530"}],"curies":[{"name":"wp","href":"https:\/\/api.w.org\/{rel}","templated":true}]}}