{"id":1945,"date":"2009-12-12T18:22:52","date_gmt":"2009-12-12T17:22:52","guid":{"rendered":"http:\/\/udo.springfeld.eu\/blog\/?p=1945"},"modified":"2009-12-12T18:22:52","modified_gmt":"2009-12-12T17:22:52","slug":"der-neue-opel-rettungsplan","status":"publish","type":"post","link":"https:\/\/udo.springfeld.eu\/blog\/2009\/12\/12\/der-neue-opel-rettungsplan\/","title":{"rendered":"&#8222;Der neue Opel&#8220;-Rettungsplan"},"content":{"rendered":"<p><a href=\"http:\/\/www.flickr.com\/photos\/springfeld\/4074595190\/\" title=\"&amp;quot;Der neue OPEL&amp;quot;-Rettungsplan von springfeld bei Flickr\"><img decoding=\"async\" src=\"http:\/\/farm3.static.flickr.com\/2555\/4074595190_7b2f4d4989_m.jpg\" width=\"180\" alt=\"&amp;quot;Der neue OPEL&amp;quot;-Rettungsplan\" style=\"float:right;padding-left:10px;padding-bottom:10px\" \/><\/a><br \/>\nOpel wurden mit Milliarden gest\u00fctzt, Monate lang zwischen Interessenten hin und her gereicht, w\u00e4hrend dessen Gebetsm\u00fchlenartig wiederholt, wie wichtig die Arbeitspl\u00e4tze in den Opel-Werken seien, immerhin einer der Innovationsmotoren auf dem Automarkt Anfang des letzten Jahrtausend. &#8222;Insolvenz ist prima!&#8220; Karl-Theodor zu Guttenberg und &#8222;Ich bin einer von Euch!&#8220; Roland Koch, &#8222;ewiger Zweiter&trade;&#8220; Frank-Walter Steinmeier und &#8222;Yes, isch kann!&#8220; Thorsten Sch\u00e4fer-G\u00fcmbel sind seither auf den B\u00fchnen vor den Werkstoren rar geworden. Die Milliarden sieht der Steuerzahler &#8211; entgegen anderslautender, laut ger\u00fcllter Beteuerung aus der Politik &#8211; vermutlich nie wieder, denn mit ihnen wird in geheimen Verhandlungen gewuchert, wieder um die Arbeitspl\u00e4tze, und dieses Mal mit denkbar schlechteren Karten: N\u00e4chstes Jahr sind schwere Absatzeinbr\u00fcche zu erwarten, und personelle &#8222;Abschmelzungen&#8220; lassen sich dann besser eint\u00fcten. Mit den Milliarden m\u00fcsse dann der Cashflow am Leben erhalten werden, wird die Argumentation sein, und ohne die Milliarden w\u00fcrde aus Opel eine <i>cash cow<\/i> mit rotem Vorzeichen.<\/p>\n","protected":false},"excerpt":{"rendered":"<p>Opel wurden mit Milliarden gest\u00fctzt, Monate lang zwischen Interessenten hin und her gereicht, w\u00e4hrend dessen Gebetsm\u00fchlenartig wiederholt, wie wichtig die Arbeitspl\u00e4tze in den Opel-Werken seien, immerhin einer der Innovationsmotoren auf dem Automarkt Anfang des letzten Jahrtausend. &#8222;Insolvenz ist prima!&#8220; Karl-Theodor zu Guttenberg und &#8222;Ich bin einer von Euch!&#8220; Roland Koch, &#8222;ewiger Zweiter&trade;&#8220; Frank-Walter Steinmeier und [&hellip;]<\/p>\n","protected":false},"author":1,"featured_media":0,"comment_status":"open","ping_status":"open","sticky":false,"template":"","format":"standard","meta":{"footnotes":""},"categories":[66,205],"tags":[],"class_list":["post-1945","post","type-post","status-publish","format-standard","hentry","category-fotos","category-kommentare"],"_links":{"self":[{"href":"https:\/\/udo.springfeld.eu\/blog\/wp-json\/wp\/v2\/posts\/1945","targetHints":{"allow":["GET"]}}],"collection":[{"href":"https:\/\/udo.springfeld.eu\/blog\/wp-json\/wp\/v2\/posts"}],"about":[{"href":"https:\/\/udo.springfeld.eu\/blog\/wp-json\/wp\/v2\/types\/post"}],"author":[{"embeddable":true,"href":"https:\/\/udo.springfeld.eu\/blog\/wp-json\/wp\/v2\/users\/1"}],"replies":[{"embeddable":true,"href":"https:\/\/udo.springfeld.eu\/blog\/wp-json\/wp\/v2\/comments?post=1945"}],"version-history":[{"count":0,"href":"https:\/\/udo.springfeld.eu\/blog\/wp-json\/wp\/v2\/posts\/1945\/revisions"}],"wp:attachment":[{"href":"https:\/\/udo.springfeld.eu\/blog\/wp-json\/wp\/v2\/media?parent=1945"}],"wp:term":[{"taxonomy":"category","embeddable":true,"href":"https:\/\/udo.springfeld.eu\/blog\/wp-json\/wp\/v2\/categories?post=1945"},{"taxonomy":"post_tag","embeddable":true,"href":"https:\/\/udo.springfeld.eu\/blog\/wp-json\/wp\/v2\/tags?post=1945"}],"curies":[{"name":"wp","href":"https:\/\/api.w.org\/{rel}","templated":true}]}}