{"id":1689,"date":"2009-09-12T20:57:00","date_gmt":"2009-09-12T19:57:00","guid":{"rendered":"http:\/\/udo.springfeld.eu\/blog\/2009\/09\/12\/wir-haben-die-kraft-real-life-remix\/"},"modified":"2015-12-01T13:36:49","modified_gmt":"2015-12-01T12:36:49","slug":"wir-haben-die-kraft-real-life-remix","status":"publish","type":"post","link":"https:\/\/udo.springfeld.eu\/blog\/2009\/09\/12\/wir-haben-die-kraft-real-life-remix\/","title":{"rendered":"&#8222;Wir haben die Kraft.&#8220; real-life remix"},"content":{"rendered":"<p><a title=\"WIR DIE RAF von springfeld bei Flickr\" href=\"http:\/\/www.flickr.com\/photos\/springfeld\/3967894741\/\"><img loading=\"lazy\" decoding=\"async\" alt=\"WIR DIE RAF\" src=\"http:\/\/farm4.static.flickr.com\/3420\/3967894741_0098b31312.jpg\" width=\"333\" height=\"500\" \/><\/a> <\/p>\n<p>Ausgerechnet gegen\u00fcber des Kundgebungsort, an dem \u201cDie Kanzlerin\u201d aka \u201cChefin\u201d aka \u201cAngie\u201d aka \u201cKanzlerin aller Deutschen\u201d in Frankfurt \u2013 am Main! -&#160; sprach, offenbarte sich die fehlende Kampagnenf\u00e4higkeit. Dort hing seit einiger Zeit obiger real-life remix.<\/p>\n<p>\u201cWir haben die Kraft&quot;? Das ich nicht lache.<\/p>\n<p>Dieses Machwerk eines unbekannten K\u00fcnstlers dokumentiert \u00fcberdies, wie abschreckend Video\u00fcberwachung \u00f6ffentlicher Pl\u00e4tze wirkt \u2013 man beachte die Kamera in der linken, oberen Ecke.<\/p>\n","protected":false},"excerpt":{"rendered":"<p>Ausgerechnet gegen\u00fcber des Kundgebungsort, an dem \u201cDie Kanzlerin\u201d aka \u201cChefin\u201d aka \u201cAngie\u201d aka \u201cKanzlerin aller Deutschen\u201d in Frankfurt \u2013 am Main! -&#160; sprach, offenbarte sich die fehlende Kampagnenf\u00e4higkeit. Dort hing seit einiger Zeit obiger real-life remix. \u201cWir haben die Kraft&quot;? Das ich nicht lache. Dieses Machwerk eines unbekannten K\u00fcnstlers dokumentiert \u00fcberdies, wie abschreckend Video\u00fcberwachung \u00f6ffentlicher [&hellip;]<\/p>\n","protected":false},"author":1,"featured_media":0,"comment_status":"open","ping_status":"open","sticky":false,"template":"","format":"standard","meta":{"footnotes":""},"categories":[66],"tags":[26],"class_list":["post-1689","post","type-post","status-publish","format-standard","hentry","category-fotos","tag-angela-merkel"],"_links":{"self":[{"href":"https:\/\/udo.springfeld.eu\/blog\/wp-json\/wp\/v2\/posts\/1689","targetHints":{"allow":["GET"]}}],"collection":[{"href":"https:\/\/udo.springfeld.eu\/blog\/wp-json\/wp\/v2\/posts"}],"about":[{"href":"https:\/\/udo.springfeld.eu\/blog\/wp-json\/wp\/v2\/types\/post"}],"author":[{"embeddable":true,"href":"https:\/\/udo.springfeld.eu\/blog\/wp-json\/wp\/v2\/users\/1"}],"replies":[{"embeddable":true,"href":"https:\/\/udo.springfeld.eu\/blog\/wp-json\/wp\/v2\/comments?post=1689"}],"version-history":[{"count":1,"href":"https:\/\/udo.springfeld.eu\/blog\/wp-json\/wp\/v2\/posts\/1689\/revisions"}],"predecessor-version":[{"id":8562,"href":"https:\/\/udo.springfeld.eu\/blog\/wp-json\/wp\/v2\/posts\/1689\/revisions\/8562"}],"wp:attachment":[{"href":"https:\/\/udo.springfeld.eu\/blog\/wp-json\/wp\/v2\/media?parent=1689"}],"wp:term":[{"taxonomy":"category","embeddable":true,"href":"https:\/\/udo.springfeld.eu\/blog\/wp-json\/wp\/v2\/categories?post=1689"},{"taxonomy":"post_tag","embeddable":true,"href":"https:\/\/udo.springfeld.eu\/blog\/wp-json\/wp\/v2\/tags?post=1689"}],"curies":[{"name":"wp","href":"https:\/\/api.w.org\/{rel}","templated":true}]}}