{"id":1685,"date":"2009-10-07T11:02:00","date_gmt":"2009-10-07T10:02:00","guid":{"rendered":"http:\/\/udo.springfeld.eu\/blog\/2009\/10\/07\/retrospektive-7-jahrgang-1\/"},"modified":"2009-10-07T11:02:00","modified_gmt":"2009-10-07T10:02:00","slug":"retrospektive-7-jahrgang-1","status":"publish","type":"post","link":"https:\/\/udo.springfeld.eu\/blog\/2009\/10\/07\/retrospektive-7-jahrgang-1\/","title":{"rendered":"Retrospektive #7 Jahrgang 1"},"content":{"rendered":"<h2>Konservative gegen Rechts<\/h2>\n<blockquote>\n<p>Leider zieht eine konservative Volkspartei schon per Definition auch derlei Gedankengut an, und dies auf die Landesverb\u00e4nde und ihre Stahlhelm-Fraktion in Hessen oder die &#8218;Schwesterpartei&#8216; im Europawahlkampf einzugrenzen greift zu kurz. \u00dcberdies zeigt die nun Jahrzehnte praktizierte Taktik der Christdemokratie, sich als letzter Au\u00dfenposten vor dem Rechtsextremismus zu pr\u00e4sentieren, letztlich nur zweierlei ganz anschaulich: Viel, viel mehr Zulauf f\u00fcr Rechtsextreme in deren klassischen Gefilden, von REP bis NPD. Viel, viel weniger Bange davor rechtskonservatives Gedankengut frei in der eigenen CDU\/CSU zu \u00e4u\u00dfern auf der anderen Seite. <\/p>\n<\/blockquote>\n<p><a href=\"http:\/\/www.sprengsatz.de\/?p=1020#comment-222\">Kommentar zu \u00bbDie CSU und die \u201cT\u00fcrken-Gabi\u201d\u00ab bei sprengsatz<\/a> mit besonderem Hinweis darauf, wo wir 2009 mit konservativer Leitkultur wieder angekommen sind:<\/p>\n<p><a href=\"http:\/\/www.lizaswelt.net\/2009\/09\/mutter-hol-mich-vonne-zeche.html\">Verkehrte Welt<\/a>: W\u00e4hrend Neonazis demonstrieren, wird einer Passantin nicht nur ihre israelische Flagge abgenommen, die sie zum spontanen Protest dem braunen Mob entgegenhielt, sie sieht sich zudem dem Vorwurf ausgesetzt, eine nicht angemeldete Demonstration durchgef\u00fchrt zu haben. <\/p>\n<h2>Wie sieht Google aus?<\/h2>\n<p>Wer schon immer mal <a href=\"http:\/\/blogoscoped.com\/archive\/2009-04-08-n39.html\">Google Data Center von innen<\/a> sehen wollte, bekommt in diesem Video von Google Gelegenheit. Hochkompakt, Video wie Rechenzentrum:<\/p>\n<p><object width=\"425\" height=\"344\"><param name=\"movie\" value=\"http:\/\/www.youtube.com\/v\/zRwPSFpLX8I&amp;color1=0xb1b1b1&amp;color2=0xcfcfcf&amp;feature=player_embedded&amp;fs=1\"><\/param><param name=\"allowFullScreen\" value=\"true\"><\/param><embed src=\"http:\/\/www.youtube.com\/v\/zRwPSFpLX8I&amp;color1=0xb1b1b1&amp;color2=0xcfcfcf&amp;feature=player_embedded&amp;fs=1\" type=\"application\/x-shockwave-flash\" allowfullscreen=\"true\" width=\"425\" height=\"344\"><\/embed><\/object><\/p>\n<h2>Polizistenpr\u00fcgel<\/h2>\n<p>Leider auch schon etwas \u00e4lter, aber ganz gewiss eine Erw\u00e4hnung wert, weil G8\/20- und NATO-Gipfel traditionell Veranstaltungen sind, von denen Mainstream-Medien wechselseitig vom randalierenden Mob und unheimlich gesch\u00e4ftigen Staatsfrauen und -m\u00e4nnern mit den immer selben Phrasen berichten. Wenn, wie in Italien geschehen, w\u00fctende Polizisten einen linken Demonstranten auf offener Stra\u00dfe und vor laufenden Kameras erschie\u00dfen, eskaliert die Situation aber meist hausgemacht und nur vor den Toren der Veranstaltung, w\u00e4hrend drinnen zumeist belanglose Unterhaltungen gef\u00fchrt werden &#8211; weil alles einem Protokoll vorher abgestimmter Vereinbarungen und gegenseitiger Gepflogenheiten unterliegt. Jedoch, <a href=\"http:\/\/blog.tagesschau.de\/?p=5173\">wenn Medien genau so eingeschr\u00e4nkt und an der Nase herumgef\u00fchrt werden wie Demonstranten<\/a>, wenn sie sich nicht in Medienzentren auf- oder einfach nur heraushalten, geschieht, was noch am selben Tagen aus dem Medienzentrum kolportiert wurde, weil es von der Pressestelle der Polizei so wiedergegeben wurde und trotzdem schlicht gelogen war: Ian Tomlinson, der gerade von seinem Arbeitsplatz nach Hause schlenderte, starb zwar an Herzversagen. Zuvor wurde der 47-j\u00e4hrige Zeitungsverk\u00e4ufer mit H\u00e4nden in den Hosentaschen auf dem Heimweg grundlos von einem Polizisten zun\u00e4chst mit einem Schlagstock traktiert, und dann vom selben Polizisten unter den Augen einer aggressiven Hundestaffel zu Fall gebracht. Momente sp\u00e4ter verstarb der Mann im besten Alter, von dem seine Familie erfahren sollte, er sei auf dem Weg von seinem Arbeitsplatz an einem pl\u00f6tzlichen Herzanfall verstorben. Allerdings dokumentierte eine Kamera den Vorfall, der Film fand binnen Stunden&#160; zu YouTube, trat von dort aus den Weg um die Welt und zur\u00fcck zum pr\u00fcgelnden Polizisten an: Dessen Vorgesetzte erkl\u00e4rten Polizistenpr\u00fcgel zum Einzelfall, machten ein Bauernopfer und erkl\u00e4rten sich ansonsten keiner Schuld bewusst. <\/p>\n<p>&#160;<object width=\"425\" height=\"344\"><param name=\"movie\" value=\"http:\/\/www.youtube.com\/v\/C5InqGPUjXE&amp;rel=0&amp;color1=0x2b405b&amp;color2=0x6b8ab6&amp;hl=de&amp;feature=player_embedded&amp;fs=1\"><\/param><param name=\"allowFullScreen\" value=\"true\"><\/param><embed src=\"http:\/\/www.youtube.com\/v\/C5InqGPUjXE&amp;rel=0&amp;color1=0x2b405b&amp;color2=0x6b8ab6&amp;hl=de&amp;feature=player_embedded&amp;fs=1\" type=\"application\/x-shockwave-flash\" allowfullscreen=\"true\" width=\"425\" height=\"344\"><\/embed><\/object>    <br \/><a href=\"http:\/\/www.fixmbr.de\/klarer-fall-von-terrorverdaechtigen-der-selbstmord-begannen-hat\/\">via<\/a> <\/p>\n<h2>Sydney versinkt in \u00bbred dust\u00ab<a title=\"Luna Park - Sydney Dust Storm von tomhide bei Flickr\" href=\"http:\/\/www.flickr.com\/photos\/tomhide\/3945957994\/\"><img loading=\"lazy\" decoding=\"async\" alt=\"Luna Park - Sydney Dust Storm\" src=\"http:\/\/farm3.static.flickr.com\/2649\/3945957994_daae01cc5c.jpg\" width=\"500\" height=\"333\" \/><\/a> <\/h2>\n<p>Tom Coates hat mit \u00bb<a href=\"http:\/\/www.flickr.com\/photos\/plasticbag\/galleries\/72157622310168099\/\">red dust<\/a>\u00ab eine Galerie gro\u00dfartiger Bilder aus dem im roten W\u00fcstensand versinkenden Sydney zusammengestellt. Hiermit hat er mich auch auf das &quot;neue&quot; Feature aufmerksam gemacht, mit denen flickr von Yahoo! Kurratoren gewinnen will, die zu bestimmten Themen die besten Bilder zusammenstellen sollen. 18 an der Zahl sind in jeder Galerie m\u00f6glich, und ich denke ich versuche mich mal mit dem Wahlabend, und bin gespannt wie viel \u00bbsocial media\u00ab dann noch hergibt, wenn der Kuchen verteilt ist.<\/p>\n<h2>weitere Empfehlungen<\/h2>\n<ul>\n<li>474 Meilen schnell Am 09.09.2009 er\u00f6ffnete die <a href=\"http:\/\/www.u-bahn-blog.de\/?p=137\">erste Metro in Dubai<\/a> vollklimatisiert, vollautomatisch, vollvernetzt. 29 Stationen auf \u00fcber 52,1 km. <\/li>\n<li>Wie peinlich ist das denn? \u00bb<a href=\"http:\/\/bit.ly\/3C2cz4\">Hessens \u201eCybercops\u201c zeigen Hacker-K\u00fcnste<\/a>\u00ab <\/li>\n<li>Was liegt wie Blei in den Regalen der Banken, &quot;gifte Papiere&quot; etwa? <strong>Nein, <a href=\"http:\/\/images.zeit.de\/text\/2009\/35\/Macher-und-Maerkte-1\">die Spekulation sind l\u00e4ngst wieder in vollem Gange<\/a>. <\/strong><\/li>\n<li>Gro\u00dfartige Arbeit hat Daniel Schultz von <a ref=\"http:\/\/www.presseschauer.de\/\">der presseschauer<\/a> geleistet, indem er den Feldzug gegen die Verfassung, die von Bundesministerin von der Leyen erzwungene Zensur von Internetinhalten &quot;im Kampf gegen Kinderpornographie&quot; auf insgesamt \u00fcber 30 Seiten vom ersten feuchten Traum der Ministerin bis zum Beschluss im Juni diesen Jahres unter dem Titel \u00bbZensursula eine R\u00fcckschau\u00ab dokumentiert. <\/li>\n<li>W\u00e4hrend <a href=\"http:\/\/www.neues-deutschland.de\/artikel\/155223.rwe-liess-fuer-atomkraft-demonstrieren.html\">RWE f\u00fcr Atomkraft demonstrieren lie\u00df<\/a> und Roland Koch als Alleinunterhalter sein Atomtheater auff\u00fchren durfte, demonstrierten <a href=\"http:\/\/www.spreeblick.com\/2009\/09\/05\/mal-richtig-abschalten\/\">in Berlin 50.000<\/a> f\u00fcr saubere, bezahlbare Energie. <\/li>\n<li>W\u00e4hrend 60 Jahre Bundestag zelebriert wird, ger\u00e4t <a href=\"http:\/\/news.bbc.co.uk\/2\/hi\/technology\/8205976.stm\">40 Jahre UNIX<\/a> etwas ins Hintertreffen. <\/li>\n<li><a href=\"http:\/\/www.tagesschau.de\/inland\/neonaziaussteiger100.html\">Falsche Kameraden, biedere Fassaden<\/a> berichtet aus der Perspektive Aussteigers aus der rechtsextremen Szene, wobei zur Abwechslung einmal ein \u00fcberzeugter Nationalist zur Sprache kommt, der seine Ansichten wohl nicht mit dem Parteibuch abgegeben, mit dem Ausscheiden aus der Szene wohl aber auch nicht abgelegt hat. <\/li>\n<li>Gro\u00df-Unternehmer, CDU-Mitglied, vormals Minister f\u00fcr Wissenschaft, Wirtschaft und Verkehr in Schleswig-Holstein, mit dieser Aufz\u00e4hlung der Funktionen von Werner Marnette leitet Chris auf F!XMBR<a href=\"http:\/\/www.fixmbr.de\/interview-des-jahres-werner-marnette-zum-hsh-nordbank-skandal\/\">seine Leseempfehlung zum HSH Nordbank-Skandal<\/a> ein, und auch der <a href=\"http:\/\/www.spiegelfechter.com\/wordpress\/512\/land-unter-an-der-waterkant\">Spiegelfechter nimmt sich der HSH<\/a> in einem Beitrag an. Der hat bekanntlich neulich hingeschmissen im hohen Norden, und nun ausgepackt im Spiegel. Was dabei zu tage trat, wie unverantwortlich L\u00e4nderchefs Kleinstaaterei betreiben, da frage ich mich allen ernstes, wie Ole von Beust und Peter Harry Carstensen noch vor die Presse treten k\u00f6nnen, ohne ganzen Schuhl\u00e4den ausweichen zu m\u00fcssen. <\/li>\n<li>22 Jahre nach einem Urteil \u00fcberwinden sich Hessens Christdemokraten <a href=\"http:\/\/www.cdu-fraktion-hessen.de\/fraktion_home\/details.cfm?nr=7237\">eine Entscheidung des Bundesverwaltungsgerichts zur Kenntnis zu nehmen<\/a>, in der eine \u00dcbertragung von Reststrommengen auf Biblis A abschl\u00e4gig beschieden wird. Mehr muss man \u00fcber die zukunftsf\u00e4higkeit der hessischen CDU wirklich nicht mehr sagen, w\u00e4re da nicht der neue Generalsekret\u00e4r, auf den ich aber sp\u00e4ter noch zu sprechen komme. <\/li>\n<li>\u00bb<a href=\"http:\/\/blog.pantoffelpunk.de\/zermatschtes\/es-war-nicht-alles-schlecht-im-kapitalismus\">Es war nicht alles schlecht im Kapitalismus<\/a>\u00ab Recht hat er. <\/li>\n<li>Wie so oft schon in seiner Geschichte <a href=\"http:\/\/www.heise.de\/security\/Google-nimmt-Stellung-zur-Kritik-des-BSI-an-Wave--\/news\/meldung\/145396\">\u00fcbt das BSI<sup><a href=\"#footnote_0_1685\" id=\"identifier_0_1685\" class=\"footnote-link footnote-identifier-link\" title=\"Bundesamt f&uuml;r Sicherheit in der Informationstechnik\">1<\/a><\/sup> Kritik an unverstandener Technik, Google Wave<\/a> und erntet H\u00e4me, von Google selbst und von Fachleuten aus der Informationstechnik. Vor zehn Jahren machte sich das Bundesamt erstmal in aller \u00d6ffentlichkeit l\u00e4cherlich, indem es von JavaScript ausgehende Gefahren viel mehr Gewicht zusprach, als von der Browsertechnologie tats\u00e4chlich ausging. <\/li>\n<li><a href=\"http:\/\/www.welt.de\/vermischtes\/article3520023\/Blutbad-in-Landshut-wieder-ein-Sportschuetze.html\">Man kommt nicht mehr nach, bei den Amokl\u00e4ufern. Wieder ein Sportsch\u00fctze, wieder die selbe Predigt<\/a>: Wurden eigentlich Killerspiele auf dem Computer des 60 Jahre alten T\u00e4ters gefunden? Wir brauchen keine strengeren Waffengesetze! Nicht nach Erfurt, Winnenden, sonst wo! WIR ! haben das im Griff. <\/li>\n<li>BILD hat erkannt, wie viel Potential eine gute Verlinkung der eigenen Geschichten einerseits und von der Zielgruppe Stammtischredner andererseits ausgeht. Deshalb ver\u00f6ffentlichte BILD <a href=\"http:\/\/blogs-optimieren.de\/2009\/04\/09\/bloggen-fuer-anfaenger-bei-bildde\/\">8 Tipps zum Thema Bloggen f\u00fcr Anf\u00e4nger<\/a> und ebnet seinen Lesern den Einstieg in eigene Publikationen. Wie viel letztlich auf Geschichten zur\u00fcckverlinken, wird sich noch zeigen. Wiederk\u00e4uer sind Blogger jedenfalls nicht, nicht jedenfalls so wie manche Redaktion und in ihrem Verh\u00e4ltnis zu Agenturmeldungen. S\u00fc\u00df fand ich jedenfalls die Behauptung, Blogger<strong>.de<\/strong> sei von Google.<\/li>\n<li>Zeiten \u00e4ndern sich: <a href=\"http:\/\/www.paulspoerry.com\/2008\/11\/02\/windows-7-to-support-256-processors\/\">Windows 7 wird <strong>bis zu 256 Prozessoren<\/strong> unterst\u00fctzen.<\/a> Mein erster PC verf\u00fcgte nicht einmal \u00fcber halb so viel Megabyte Festplattenspeicher. <\/li>\n<li>Zu guter Letzt noch etwas zum Ende der Finanzmarktkrise, deren Ende ist keineswegs nah: <a href=\"http:\/\/egghat.blogspot.com\/2009\/10\/zahl-des-tages-031009-43000.html\">High Frequency Trader<\/a> beispielsweise machen gerade so weiter als nichts gewesen, mit anderen schmutzigen Tricks und frischem Geld.<\/li>\n<\/ul>\n<p style=\"color: silver\"><a href=\"http:\/\/udo.springfeld.eu\/blog\/tag\/retrospektive\">Retrospektive<\/a> ist mein Format f\u00fcr all das, wof\u00fcr ich keine Zeit hatte, aber was unter gar keinen Umst\u00e4nden unkommentiert bleiben darf. <strong>Retrospektive<\/strong> erscheint in loser Folge, zu willk\u00fcrlichen Zeitpunkten, ein Anspruch auf eine Retrospektive entsteht dem Leser hierdurch nicht. <img decoding=\"async\" class=\"wp-smiley\" alt=\";-)\" src=\"http:\/\/udo.springfeld.eu\/blog\/wp-includes\/images\/smilies\/icon_wink.gif\" \/><\/p>\n<ol class=\"footnotes\"><li id=\"footnote_0_1685\" class=\"footnote\">Bundesamt f\u00fcr Sicherheit in der Informationstechnik [<a href=\"#identifier_0_1685\" class=\"footnote-link footnote-back-link\">&#8617;<\/a>]<\/li><\/ol>","protected":false},"excerpt":{"rendered":"<p>Konservative gegen Rechts Leider zieht eine konservative Volkspartei schon per Definition auch derlei Gedankengut an, und dies auf die Landesverb\u00e4nde und ihre Stahlhelm-Fraktion in Hessen oder die &#8218;Schwesterpartei&#8216; im Europawahlkampf einzugrenzen greift zu kurz. \u00dcberdies zeigt die nun Jahrzehnte praktizierte Taktik der Christdemokratie, sich als letzter Au\u00dfenposten vor dem Rechtsextremismus zu pr\u00e4sentieren, letztlich nur zweierlei [&hellip;]<\/p>\n","protected":false},"author":1,"featured_media":0,"comment_status":"open","ping_status":"open","sticky":false,"template":"","format":"standard","meta":{"footnotes":""},"categories":[52],"tags":[529,142,126,530,531,188,532,533,534,40,535,158,536,537,538,338],"class_list":["post-1685","post","type-post","status-publish","format-standard","hentry","category-tellerrand","tag-bsi","tag-finanzmarktkrise","tag-fotografie","tag-g20-gipfel","tag-g8-gipfel","tag-google","tag-google-wave","tag-high-frequency-trader","tag-javascript","tag-konservative-leitkultur","tag-nato-gipfel","tag-polizei","tag-polizeigewalt","tag-sydney","tag-terrorismus-rechtsextremismus","tag-video"],"_links":{"self":[{"href":"https:\/\/udo.springfeld.eu\/blog\/wp-json\/wp\/v2\/posts\/1685","targetHints":{"allow":["GET"]}}],"collection":[{"href":"https:\/\/udo.springfeld.eu\/blog\/wp-json\/wp\/v2\/posts"}],"about":[{"href":"https:\/\/udo.springfeld.eu\/blog\/wp-json\/wp\/v2\/types\/post"}],"author":[{"embeddable":true,"href":"https:\/\/udo.springfeld.eu\/blog\/wp-json\/wp\/v2\/users\/1"}],"replies":[{"embeddable":true,"href":"https:\/\/udo.springfeld.eu\/blog\/wp-json\/wp\/v2\/comments?post=1685"}],"version-history":[{"count":0,"href":"https:\/\/udo.springfeld.eu\/blog\/wp-json\/wp\/v2\/posts\/1685\/revisions"}],"wp:attachment":[{"href":"https:\/\/udo.springfeld.eu\/blog\/wp-json\/wp\/v2\/media?parent=1685"}],"wp:term":[{"taxonomy":"category","embeddable":true,"href":"https:\/\/udo.springfeld.eu\/blog\/wp-json\/wp\/v2\/categories?post=1685"},{"taxonomy":"post_tag","embeddable":true,"href":"https:\/\/udo.springfeld.eu\/blog\/wp-json\/wp\/v2\/tags?post=1685"}],"curies":[{"name":"wp","href":"https:\/\/api.w.org\/{rel}","templated":true}]}}