{"id":1458,"date":"2009-07-07T22:44:01","date_gmt":"2009-07-07T21:44:01","guid":{"rendered":"http:\/\/udo.springfeld.eu\/blog\/2009\/07\/07\/ice-halt-darmstadt-nimmt-konturen-an\/"},"modified":"2015-12-01T14:48:19","modified_gmt":"2015-12-01T13:48:19","slug":"ice-halt-darmstadt-nimmt-konturen-an","status":"publish","type":"post","link":"https:\/\/udo.springfeld.eu\/blog\/2009\/07\/07\/ice-halt-darmstadt-nimmt-konturen-an\/","title":{"rendered":"ICE-Halt Darmstadt nimmt Konturen an"},"content":{"rendered":"<p>Nachdem die Darmst\u00e4dter Ampelkoalition an einem Verkehrsprojekt gescheitert ist \u00fcbt man sich nach einer <a href=\"http:\/\/udo.springfeld.eu\/blog\/2009\/03\/31\/kontroverse-um-ice-halt-in-darmstadt\/\">Kontroverse um den ICE-Halt<\/a> offenbar in Eintracht. W\u00e4hrend Oberb\u00fcrgermeister Hoffmann seine selbst eingebrachte \u00bbKonsenstrasse\u00ab \u00fcber Nacht ad acta legte, und dies noch f\u00fcr Emp\u00f6rung sogar in der eigenen Partei sorgte, h\u00f6rt man vom Fraktionsvorsitzenden, Baudezernenten und weitereen Bedenkentr\u00e4gern inzwischen keine substantiellen Einw\u00e4nde mehr. Nunmehr pr\u00e4sentierte der Verhandlungspartner und Bautr\u00e4ger Deutsche Bahn seine Vorstellungen von einem neuen Bahnhof in Stadtrandlage. Besonders interessant fand ich pers\u00f6nlich, mit welchen Verkehrsleistungen zu rechnen sei, w\u00fcrde die Trasse mitten durch Darmstadt ausgebaut: <\/p>\n<blockquote>\n<p>Bei einer Vollanbindung des Hauptbahnhofs w\u00fcrden <strong>252 Z\u00fcge mehr<\/strong> pro Tag durch das Stadtgebiet fahren, darunter zahlreiche ICEs, \u201edie mit mindestens 250 Stundenkilometer ohne Halt durchfahren\u201c, und rund 40 G\u00fcterz\u00fcge in der Nacht.<\/p>\n<\/blockquote>\n<p>10 Z\u00fcge mehr pro Stunde, ein Zug alle sechs Minuten. 24 Stunden am Tag, 7 Tage die Woche. Was f\u00fcr Wixhausen, Arheilgen, Kranichstein im Norden der n\u00e4chtliche Flugverkehr, w\u00e4re die ICE-Trasse im Verlegerviertel, Heimst\u00e4ttensiedlung, Siedlung Tann.<\/p>\n<p>Gewiss eine gute Entscheidung von Walter Hoffmann, auch angesichts der auf 112 Millionen Euro veranschlagten Kosten im harten Kontrast zur klammen Kassenlage. <\/p>\n<p>Quelle: <a href=\"http:\/\/www.echo-online.de\/suedhessen\/template_detail.php3?id=765681\">Darmst\u00e4dter Echo vom 7. Juli 2009<\/a><\/p>\n","protected":false},"excerpt":{"rendered":"<p>Nachdem die Darmst\u00e4dter Ampelkoalition an einem Verkehrsprojekt gescheitert ist \u00fcbt man sich nach einer Kontroverse um den ICE-Halt offenbar in Eintracht. W\u00e4hrend Oberb\u00fcrgermeister Hoffmann seine selbst eingebrachte \u00bbKonsenstrasse\u00ab \u00fcber Nacht ad acta legte, und dies noch f\u00fcr Emp\u00f6rung sogar in der eigenen Partei sorgte, h\u00f6rt man vom Fraktionsvorsitzenden, Baudezernenten und weitereen Bedenkentr\u00e4gern inzwischen keine substantiellen [&hellip;]<\/p>\n","protected":false},"author":1,"featured_media":0,"comment_status":"open","ping_status":"open","sticky":false,"template":"","format":"standard","meta":{"footnotes":""},"categories":[95],"tags":[392,393,357,9],"class_list":["post-1458","post","type-post","status-publish","format-standard","hentry","category-analysen","tag-darmtadt","tag-deutsche-bahn","tag-ice-halt","tag-politik"],"_links":{"self":[{"href":"https:\/\/udo.springfeld.eu\/blog\/wp-json\/wp\/v2\/posts\/1458","targetHints":{"allow":["GET"]}}],"collection":[{"href":"https:\/\/udo.springfeld.eu\/blog\/wp-json\/wp\/v2\/posts"}],"about":[{"href":"https:\/\/udo.springfeld.eu\/blog\/wp-json\/wp\/v2\/types\/post"}],"author":[{"embeddable":true,"href":"https:\/\/udo.springfeld.eu\/blog\/wp-json\/wp\/v2\/users\/1"}],"replies":[{"embeddable":true,"href":"https:\/\/udo.springfeld.eu\/blog\/wp-json\/wp\/v2\/comments?post=1458"}],"version-history":[{"count":1,"href":"https:\/\/udo.springfeld.eu\/blog\/wp-json\/wp\/v2\/posts\/1458\/revisions"}],"predecessor-version":[{"id":8641,"href":"https:\/\/udo.springfeld.eu\/blog\/wp-json\/wp\/v2\/posts\/1458\/revisions\/8641"}],"wp:attachment":[{"href":"https:\/\/udo.springfeld.eu\/blog\/wp-json\/wp\/v2\/media?parent=1458"}],"wp:term":[{"taxonomy":"category","embeddable":true,"href":"https:\/\/udo.springfeld.eu\/blog\/wp-json\/wp\/v2\/categories?post=1458"},{"taxonomy":"post_tag","embeddable":true,"href":"https:\/\/udo.springfeld.eu\/blog\/wp-json\/wp\/v2\/tags?post=1458"}],"curies":[{"name":"wp","href":"https:\/\/api.w.org\/{rel}","templated":true}]}}