{"id":11274,"date":"2017-06-09T10:25:49","date_gmt":"2017-06-09T08:25:49","guid":{"rendered":"https:\/\/udo.springfeld.eu\/blog\/?p=11274"},"modified":"2023-02-18T10:27:21","modified_gmt":"2023-02-18T09:27:21","slug":"subjektive-sicherheit-ist-sicherheit-als-inszenierung","status":"publish","type":"post","link":"https:\/\/udo.springfeld.eu\/blog\/2017\/06\/09\/subjektive-sicherheit-ist-sicherheit-als-inszenierung\/","title":{"rendered":"Subjektive Sicherheit ist Sicherheit als Inszenierung"},"content":{"rendered":"<p><a href=\"https:\/\/web.archive.org\/web\/20210506000936\/http:\/\/www.spiegel.de\/netzwelt\/web\/islamistischer-terror-in-europa-unsere-sicherheit-ist-eine-inszenierung-a-1150015.html\">Sascha Lobo<\/a> hat den Nagel auf den Kopf getroffen: Die meisten, die Terroristen wurden, waren keine Unbekannten. Und wenn auch die in der Zeit nach Anschl\u00e4gen immer kolportiert wird, das es sich um ~&#8220;scheinbar ehrbare, nette, unscheinbare Zeitgenossen gehandelt habe, die da in der Nachbarschaft gewohnt haben&#8220;, wie man danach in Zeitungen regelm\u00e4\u00dfig lesen kann: Dem Staat und also dem Sicherheitsapparat sind sie bekannt. Der hat in den letzten 50 Jahren immer neue Sicherheitsgesetze durchgesetzt, die letztlich: keinen der besagten Anschl\u00e4ge verhindert haben. Daf\u00fcr andere, wird jetzt ein hoch angesehener, hoch dekorierter Polizeiprofessor <a href=\"https:\/\/web.archive.org\/web\/20210506000936\/http:\/\/www.spiegel.de\/panorama\/justiz\/terror-bekaempfung-worauf-es-bei-polizei-und-nachrichtendienst-ankommt-gastbeitrag-a-1150871.html\">vorgeschickt<\/a>, aber der verr\u00e4t sich und seinesgleichen in einem unscheinbaren Satz: &#8222;Diese Zahl hat sich in den vergangenen Jahren mehr als verdoppelt &#8211; und das sind nur die Personen, die die Beh\u00f6rden kennen.&#8220; Nat\u00fcrlich hat sich die Zahl derjenigen Personen verdoppelt, weil der Staat immer genauere Kenntnis zu haben meint. Die Datensammlungen werden immer breiter gefasst. Die Sicherheitsorgane immer hellh\u00f6riger, eben dank aller m\u00f6glichen M\u00f6glichkeiten, vulgo: Befugnisse. Und doch: Freiheit ohne Sicherheit gibt es so wenig wie Sicherheit ohne Freiheit. Das die Abw\u00e4gung beider G\u00fcter f\u00fcr die Konservativen l\u00e4ngst zu Ungunsten der Freiheit ausgefallen ist, ist jedem klar. Das dies zur Folge hat, das immer mehr Anschl\u00e4ge erfolgreich ver\u00fcbt werden, und nicht wie behauptet wird, auch ein gewisser Teil verhindert werde, den man aber nat\u00fcrlich aus &#8222;ermittlungstaktischen&#8220; Gr\u00fcnden oder des Quellenschutzes nicht, nie preisgeben will: Einerlei. Und so verschiffen wir immer mehr Waffen in Konfliktregionen, bauen immer mehr Z\u00e4une, installieren mehr Videokameras, \u00fcberwachen Otto Normalverbraucher und geben dem Staat einen immer gewaltigeren Joystick in die Hand. Am anderen Ende sind im besten Fall nur \u00dcberwachte in Berlin oder Berchtesgaden, im schlimmsten Fall unbeteiligte Zivilisten, und die im Fadenkreuz, in Bagdad oder Beirut. Und jeder unsinnig Get\u00f6tete dort f\u00fchrt zu immer mehr Hass uns gegen\u00fcber. Ich habe einen Teufelskreis erkannt, und bin doch keiner der an Gott glaubt. Daf\u00fcr an den gesunden Menschenverstand, und wie einfach der mit Emotionen ausgeschaltet werden kann. Hier wie da.<\/p>\n<p><a href=\"https:\/\/web.archive.org\/web\/20210506000936\/http:\/\/www.spiegel.de\/netzwelt\/web\/islamistischer-terror-in-europa-unsere-sicherheit-ist-eine-inszenierung-a-1150015.html\">Bildquelle<\/a>\/lizenz: Sascha Lobo\/CC-BY<\/p>\n","protected":false},"excerpt":{"rendered":"<p>Sascha Lobo hat den Nagel auf den Kopf getroffen: Die meisten, die Terroristen wurden, waren keine Unbekannten. Und wenn auch die in der Zeit nach Anschl\u00e4gen immer kolportiert wird, das es sich um ~&#8220;scheinbar ehrbare, nette, unscheinbare Zeitgenossen gehandelt habe, die da in der Nachbarschaft gewohnt haben&#8220;, wie man danach in Zeitungen regelm\u00e4\u00dfig lesen kann: [&hellip;]<\/p>\n","protected":false},"author":1,"featured_media":0,"comment_status":"closed","ping_status":"open","sticky":false,"template":"","format":"standard","meta":{"footnotes":""},"categories":[205],"tags":[3463,1154,373],"class_list":["post-11274","post","type-post","status-publish","format-standard","hentry","category-kommentare","tag-krieg-gegen-den-terror-2","tag-subjektives-sicherheitsempfinden","tag-terrorismus"],"_links":{"self":[{"href":"https:\/\/udo.springfeld.eu\/blog\/wp-json\/wp\/v2\/posts\/11274","targetHints":{"allow":["GET"]}}],"collection":[{"href":"https:\/\/udo.springfeld.eu\/blog\/wp-json\/wp\/v2\/posts"}],"about":[{"href":"https:\/\/udo.springfeld.eu\/blog\/wp-json\/wp\/v2\/types\/post"}],"author":[{"embeddable":true,"href":"https:\/\/udo.springfeld.eu\/blog\/wp-json\/wp\/v2\/users\/1"}],"replies":[{"embeddable":true,"href":"https:\/\/udo.springfeld.eu\/blog\/wp-json\/wp\/v2\/comments?post=11274"}],"version-history":[{"count":2,"href":"https:\/\/udo.springfeld.eu\/blog\/wp-json\/wp\/v2\/posts\/11274\/revisions"}],"predecessor-version":[{"id":11286,"href":"https:\/\/udo.springfeld.eu\/blog\/wp-json\/wp\/v2\/posts\/11274\/revisions\/11286"}],"wp:attachment":[{"href":"https:\/\/udo.springfeld.eu\/blog\/wp-json\/wp\/v2\/media?parent=11274"}],"wp:term":[{"taxonomy":"category","embeddable":true,"href":"https:\/\/udo.springfeld.eu\/blog\/wp-json\/wp\/v2\/categories?post=11274"},{"taxonomy":"post_tag","embeddable":true,"href":"https:\/\/udo.springfeld.eu\/blog\/wp-json\/wp\/v2\/tags?post=11274"}],"curies":[{"name":"wp","href":"https:\/\/api.w.org\/{rel}","templated":true}]}}